{"id":8023,"date":"2015-09-27T17:41:03","date_gmt":"2015-09-27T16:41:03","guid":{"rendered":"http:\/\/www.tuseichholzremmighausen.de\/wordpress\/?p=8023"},"modified":"2020-09-11T20:33:33","modified_gmt":"2020-09-11T18:33:33","slug":"personalengpass-lang-durch-die-bank-am-wahlsonntag","status":"publish","type":"post","link":"https:\/\/www.tuseichholzremmighausen.de\/wordpress\/archives\/8023","title":{"rendered":"Personalengpass lang durch die Bank am Wahlsonntag"},"content":{"rendered":"<p><strong>Einen rabenschwarzen Tag<\/strong> erwischten die Eichholzer Fu\u00dfballteams am Sonntag der Stichwahlen in NRW.<\/p>\n<figure id=\"attachment_8024\" aria-describedby=\"caption-attachment-8024\" style=\"width: 600px\" class=\"wp-caption alignnone\"><a href=\"https:\/\/i0.wp.com\/www.tuseichholzremmighausen.de\/wordpress\/wp-content\/uploads\/2015\/09\/fb_b-juniorinnen_150927_02.jpg?ssl=1\"><img data-recalc-dims=\"1\" loading=\"lazy\" decoding=\"async\" data-attachment-id=\"8024\" data-permalink=\"https:\/\/www.tuseichholzremmighausen.de\/wordpress\/archives\/8023\/fb_b-juniorinnen_150927_02\" data-orig-file=\"https:\/\/i0.wp.com\/www.tuseichholzremmighausen.de\/wordpress\/wp-content\/uploads\/2015\/09\/fb_b-juniorinnen_150927_02.jpg?fit=600%2C400&amp;ssl=1\" data-orig-size=\"600,400\" data-comments-opened=\"0\" data-image-meta=\"{&quot;aperture&quot;:&quot;8&quot;,&quot;credit&quot;:&quot;Rolf Gehrke&quot;,&quot;camera&quot;:&quot;Canon EOS 70D&quot;,&quot;caption&quot;:&quot;&quot;,&quot;created_timestamp&quot;:&quot;1443356074&quot;,&quot;copyright&quot;:&quot;Rolf Gehrke 2015&quot;,&quot;focal_length&quot;:&quot;188&quot;,&quot;iso&quot;:&quot;400&quot;,&quot;shutter_speed&quot;:&quot;0.000625&quot;,&quot;title&quot;:&quot;&quot;,&quot;orientation&quot;:&quot;1&quot;}\" data-image-title=\"fb_b-juniorinnen_150927_02\" data-image-description=\"\" data-image-caption=\"&lt;p&gt;Gro\u00dfartige Moral bei unverdienter Niederlage in Benhausen&lt;\/p&gt;\n\" data-large-file=\"https:\/\/i0.wp.com\/www.tuseichholzremmighausen.de\/wordpress\/wp-content\/uploads\/2015\/09\/fb_b-juniorinnen_150927_02.jpg?fit=600%2C400&amp;ssl=1\" class=\"size-full wp-image-8024\" src=\"https:\/\/i0.wp.com\/www.tuseichholzremmighausen.de\/wordpress\/wp-content\/uploads\/2015\/09\/fb_b-juniorinnen_150927_02.jpg?resize=600%2C400&#038;ssl=1\" alt=\"Gro\u00dfartige Moral bei unverdienter Niederlage in Benhausen\" width=\"600\" height=\"400\" srcset=\"https:\/\/i0.wp.com\/www.tuseichholzremmighausen.de\/wordpress\/wp-content\/uploads\/2015\/09\/fb_b-juniorinnen_150927_02.jpg?w=600&amp;ssl=1 600w, https:\/\/i0.wp.com\/www.tuseichholzremmighausen.de\/wordpress\/wp-content\/uploads\/2015\/09\/fb_b-juniorinnen_150927_02.jpg?resize=300%2C200&amp;ssl=1 300w\" sizes=\"auto, (max-width: 600px) 100vw, 600px\" \/><\/a><figcaption id=\"caption-attachment-8024\" class=\"wp-caption-text\">Gro\u00dfartige Moral bei unverdienter Niederlage in Benhausen<\/figcaption><\/figure>\n<p><strong>Lediglich die B2-Junioren konnten mit 16:1 einen Kantersieg gegen den FC Fortuna Schlangen (ohne Wertung) hinlegen<\/strong>. Besonders hart traf es die Bezirksliga-M\u00e4dels in der Partie gegen die punktgleichen Benhausener.<!--more--> Verletzungen\u00a0und krankheitsbedingte Ausf\u00e4lle in der Zahl waren einfach nicht zu kompensieren.<\/p>\n<figure id=\"attachment_8025\" aria-describedby=\"caption-attachment-8025\" style=\"width: 600px\" class=\"wp-caption alignnone\"><a href=\"https:\/\/i0.wp.com\/www.tuseichholzremmighausen.de\/wordpress\/wp-content\/uploads\/2015\/09\/fb_b-juniorinnen_150927_05.jpg?ssl=1\"><img data-recalc-dims=\"1\" loading=\"lazy\" decoding=\"async\" data-attachment-id=\"8025\" data-permalink=\"https:\/\/www.tuseichholzremmighausen.de\/wordpress\/archives\/8023\/fb_b-juniorinnen_150927_05\" data-orig-file=\"https:\/\/i0.wp.com\/www.tuseichholzremmighausen.de\/wordpress\/wp-content\/uploads\/2015\/09\/fb_b-juniorinnen_150927_05.jpg?fit=600%2C900&amp;ssl=1\" data-orig-size=\"600,900\" data-comments-opened=\"0\" data-image-meta=\"{&quot;aperture&quot;:&quot;4&quot;,&quot;credit&quot;:&quot;Rolf Gehrke&quot;,&quot;camera&quot;:&quot;Canon EOS 70D&quot;,&quot;caption&quot;:&quot;&quot;,&quot;created_timestamp&quot;:&quot;1443355870&quot;,&quot;copyright&quot;:&quot;Rolf Gehrke 2015&quot;,&quot;focal_length&quot;:&quot;70&quot;,&quot;iso&quot;:&quot;640&quot;,&quot;shutter_speed&quot;:&quot;0.000625&quot;,&quot;title&quot;:&quot;&quot;,&quot;orientation&quot;:&quot;1&quot;}\" data-image-title=\"fb_b-juniorinnen_150927_05\" data-image-description=\"\" data-image-caption=\"&lt;p&gt;Die Blicke sagen alles! Jannina mit Arm in Gips&lt;\/p&gt;\n\" data-large-file=\"https:\/\/i0.wp.com\/www.tuseichholzremmighausen.de\/wordpress\/wp-content\/uploads\/2015\/09\/fb_b-juniorinnen_150927_05.jpg?fit=600%2C900&amp;ssl=1\" class=\"size-full wp-image-8025\" src=\"https:\/\/i0.wp.com\/www.tuseichholzremmighausen.de\/wordpress\/wp-content\/uploads\/2015\/09\/fb_b-juniorinnen_150927_05.jpg?resize=600%2C900&#038;ssl=1\" alt=\"Die Blicke sagen alles! Jannina mit Arm in Gips\" width=\"600\" height=\"900\" srcset=\"https:\/\/i0.wp.com\/www.tuseichholzremmighausen.de\/wordpress\/wp-content\/uploads\/2015\/09\/fb_b-juniorinnen_150927_05.jpg?w=600&amp;ssl=1 600w, https:\/\/i0.wp.com\/www.tuseichholzremmighausen.de\/wordpress\/wp-content\/uploads\/2015\/09\/fb_b-juniorinnen_150927_05.jpg?resize=200%2C300&amp;ssl=1 200w\" sizes=\"auto, (max-width: 600px) 100vw, 600px\" \/><\/a><figcaption id=\"caption-attachment-8025\" class=\"wp-caption-text\">Die Blicke sagen alles! Jannina mit Arm in Gips<\/figcaption><\/figure>\n<p>So traten die Kr\u00fcger-M\u00e4dels zu 11, ohne Wechselm\u00f6glichkeit beim SV BW Benhausen an. Als auch noch Maria mit einer Oberschenkelverletzung das Feld verlassen musste, standen\u00a0der aufopfernd k\u00e4mpfenden Mannschaft 70 Minuten in Unterzahl bevor.\u00a0Zur \u00dcberraschung der mitgereisten Fans der Gr\u00fcn-Wei\u00dfen bestimmten sie sogar die Partie.\u00a0Selbst einen R\u00fcckstand steckten die M\u00e4dels schnell weg, und egalisierten durch einen herrlichen Treffer von Steffi.<\/p>\n<figure id=\"attachment_8026\" aria-describedby=\"caption-attachment-8026\" style=\"width: 600px\" class=\"wp-caption alignnone\"><a href=\"https:\/\/i0.wp.com\/www.tuseichholzremmighausen.de\/wordpress\/wp-content\/uploads\/2015\/09\/fb_b-juniorinnen_150927_04.jpg?ssl=1\"><img data-recalc-dims=\"1\" loading=\"lazy\" decoding=\"async\" data-attachment-id=\"8026\" data-permalink=\"https:\/\/www.tuseichholzremmighausen.de\/wordpress\/archives\/8023\/fb_b-juniorinnen_150927_04\" data-orig-file=\"https:\/\/i0.wp.com\/www.tuseichholzremmighausen.de\/wordpress\/wp-content\/uploads\/2015\/09\/fb_b-juniorinnen_150927_04.jpg?fit=600%2C400&amp;ssl=1\" data-orig-size=\"600,400\" data-comments-opened=\"0\" data-image-meta=\"{&quot;aperture&quot;:&quot;9&quot;,&quot;credit&quot;:&quot;Rolf Gehrke&quot;,&quot;camera&quot;:&quot;Canon EOS 70D&quot;,&quot;caption&quot;:&quot;&quot;,&quot;created_timestamp&quot;:&quot;1443353403&quot;,&quot;copyright&quot;:&quot;Rolf Gehrke 2015&quot;,&quot;focal_length&quot;:&quot;140&quot;,&quot;iso&quot;:&quot;320&quot;,&quot;shutter_speed&quot;:&quot;0.000625&quot;,&quot;title&quot;:&quot;&quot;,&quot;orientation&quot;:&quot;1&quot;}\" data-image-title=\"fb_b-juniorinnen_150927_04\" data-image-description=\"\" data-image-caption=\"&lt;p&gt;Steffi schie\u00dft sicher zum Ausgleich ein&lt;\/p&gt;\n\" data-large-file=\"https:\/\/i0.wp.com\/www.tuseichholzremmighausen.de\/wordpress\/wp-content\/uploads\/2015\/09\/fb_b-juniorinnen_150927_04.jpg?fit=600%2C400&amp;ssl=1\" class=\"size-full wp-image-8026\" src=\"https:\/\/i0.wp.com\/www.tuseichholzremmighausen.de\/wordpress\/wp-content\/uploads\/2015\/09\/fb_b-juniorinnen_150927_04.jpg?resize=600%2C400&#038;ssl=1\" alt=\"Steffi schie\u00dft sicher zum Ausgleich ein\" width=\"600\" height=\"400\" srcset=\"https:\/\/i0.wp.com\/www.tuseichholzremmighausen.de\/wordpress\/wp-content\/uploads\/2015\/09\/fb_b-juniorinnen_150927_04.jpg?w=600&amp;ssl=1 600w, https:\/\/i0.wp.com\/www.tuseichholzremmighausen.de\/wordpress\/wp-content\/uploads\/2015\/09\/fb_b-juniorinnen_150927_04.jpg?resize=300%2C200&amp;ssl=1 300w\" sizes=\"auto, (max-width: 600px) 100vw, 600px\" \/><\/a><figcaption id=\"caption-attachment-8026\" class=\"wp-caption-text\">Steffi schie\u00dft sicher zum Ausgleich ein<\/figcaption><\/figure>\n<p>Der erneute R\u00fcckstand in der\u00a036. Minute schockte nur kurz. 180 Sekunden\u00a0nach der Pause erzielte Jasmin das 2:2 unter starker Mithilfe einer\u00a0Benhauser Abwehrspielerin. <strong>Viele Torgelegenheiten der Eichholzer M\u00e4dels blieben ungenutzt, auf der Gegenseite f\u00fchrt\u00a0quasi jeder Angriff zum Treffer<\/strong>. So netzten die Hausherrinnen zum 4. und 5. male ein.\u00a0\u00a0Auch in Unterzahl waren die Eichholzer weiter\u00a0klar\u00a0spielbestimmend, erspielten sich noch\u00a0vielversprechende Chancen.<\/p>\n<figure id=\"attachment_8027\" aria-describedby=\"caption-attachment-8027\" style=\"width: 600px\" class=\"wp-caption alignnone\"><a href=\"https:\/\/i0.wp.com\/www.tuseichholzremmighausen.de\/wordpress\/wp-content\/uploads\/2015\/09\/fb_b-juniorinnen_150927_01.jpg?ssl=1\"><img data-recalc-dims=\"1\" loading=\"lazy\" decoding=\"async\" data-attachment-id=\"8027\" data-permalink=\"https:\/\/www.tuseichholzremmighausen.de\/wordpress\/archives\/8023\/fb_b-juniorinnen_150927_01\" data-orig-file=\"https:\/\/i0.wp.com\/www.tuseichholzremmighausen.de\/wordpress\/wp-content\/uploads\/2015\/09\/fb_b-juniorinnen_150927_01.jpg?fit=600%2C400&amp;ssl=1\" data-orig-size=\"600,400\" data-comments-opened=\"0\" data-image-meta=\"{&quot;aperture&quot;:&quot;5&quot;,&quot;credit&quot;:&quot;Rolf Gehrke&quot;,&quot;camera&quot;:&quot;Canon EOS 70D&quot;,&quot;caption&quot;:&quot;&quot;,&quot;created_timestamp&quot;:&quot;1443355109&quot;,&quot;copyright&quot;:&quot;Rolf Gehrke 2015&quot;,&quot;focal_length&quot;:&quot;78&quot;,&quot;iso&quot;:&quot;400&quot;,&quot;shutter_speed&quot;:&quot;0.000625&quot;,&quot;title&quot;:&quot;&quot;,&quot;orientation&quot;:&quot;1&quot;}\" data-image-title=\"fb_b-juniorinnen_150927_01\" data-image-description=\"\" data-image-caption=\"&lt;p&gt;Alles gegeben &amp;#8211; Doppelpack von Jasmin bringt &amp;#8222;nur&amp;#8220; Ergebniskosmetik&lt;\/p&gt;\n\" data-large-file=\"https:\/\/i0.wp.com\/www.tuseichholzremmighausen.de\/wordpress\/wp-content\/uploads\/2015\/09\/fb_b-juniorinnen_150927_01.jpg?fit=600%2C400&amp;ssl=1\" class=\"size-full wp-image-8027\" src=\"https:\/\/i0.wp.com\/www.tuseichholzremmighausen.de\/wordpress\/wp-content\/uploads\/2015\/09\/fb_b-juniorinnen_150927_01.jpg?resize=600%2C400&#038;ssl=1\" alt=\"Alles gegeben - Doppelpack von Jasmin bringt &quot;nur&quot; Ergebniskosmetik\" width=\"600\" height=\"400\" srcset=\"https:\/\/i0.wp.com\/www.tuseichholzremmighausen.de\/wordpress\/wp-content\/uploads\/2015\/09\/fb_b-juniorinnen_150927_01.jpg?w=600&amp;ssl=1 600w, https:\/\/i0.wp.com\/www.tuseichholzremmighausen.de\/wordpress\/wp-content\/uploads\/2015\/09\/fb_b-juniorinnen_150927_01.jpg?resize=300%2C200&amp;ssl=1 300w\" sizes=\"auto, (max-width: 600px) 100vw, 600px\" \/><\/a><figcaption id=\"caption-attachment-8027\" class=\"wp-caption-text\">Alles gegeben &#8211; Doppelpack von Jasmin bringt &#8222;nur&#8220; Ergebniskosmetik<\/figcaption><\/figure>\n<p>Mit dem Schlusspfiff versenkte Jasmin einen Ball zum 5:3\u00a0Endstand. <strong>Wieder einmal waren Spielanteile und die gr\u00f6\u00dfere Anzahl\u00a0der guten Torgelegenheiten auf unserer Seite, trotzdem blieben die Punkte beim Gegner.<\/strong> Nun gibt es aufgrund der Ferien zus\u00e4tzliche\u00a0Zeit zum Auskurieren der Blessuren. Zur n\u00e4chsten Partie erwartet der TuS als Vorletzter der Tabelle\u00a0am Sonntag, den 25. Oktober\u00a0Schlusslicht\u00a0TuRa Elsen.\u00a0\u00a0Von Beginn an in Unterzahl spielten die\u00a0<strong>Frauen\u00a0<\/strong>bei der SG Alverdissen\/Extertal. Nach gro\u00dfem Kampf und einigen fragw\u00fcrdigen Entscheidungen, vornehmlich im zweiten Spielabschnitt, musste der TuS in eine 1:2-Niederlage einwilligen. Der <strong>Ersten\u00a0Herren<\/strong> erging es\u00a0mit einem 1:5 in Pivistheide ebenfalls nicht besser.<\/p>\n","protected":false},"excerpt":{"rendered":"<p>Einen rabenschwarzen Tag erwischten die Eichholzer Fu\u00dfballteams am Sonntag der Stichwahlen in NRW. Lediglich die B2-Junioren konnten mit 16:1 einen<\/p>\n","protected":false},"author":16,"featured_media":0,"comment_status":"closed","ping_status":"open","sticky":false,"template":"","format":"standard","meta":{"colormag_page_container_layout":"default_layout","colormag_page_sidebar_layout":"default_layout","_jetpack_memberships_contains_paid_content":false,"footnotes":"","jetpack_publicize_message":"","jetpack_publicize_feature_enabled":true,"jetpack_social_post_already_shared":false,"jetpack_social_options":{"image_generator_settings":{"template":"highway","default_image_id":0,"font":"","enabled":false},"version":2}},"categories":[157],"tags":[],"class_list":["post-8023","post","type-post","status-publish","format-standard","hentry","category-archiv"],"jetpack_publicize_connections":[],"jetpack_featured_media_url":"","jetpack_sharing_enabled":true,"_links":{"self":[{"href":"https:\/\/www.tuseichholzremmighausen.de\/wordpress\/wp-json\/wp\/v2\/posts\/8023","targetHints":{"allow":["GET"]}}],"collection":[{"href":"https:\/\/www.tuseichholzremmighausen.de\/wordpress\/wp-json\/wp\/v2\/posts"}],"about":[{"href":"https:\/\/www.tuseichholzremmighausen.de\/wordpress\/wp-json\/wp\/v2\/types\/post"}],"author":[{"embeddable":true,"href":"https:\/\/www.tuseichholzremmighausen.de\/wordpress\/wp-json\/wp\/v2\/users\/16"}],"replies":[{"embeddable":true,"href":"https:\/\/www.tuseichholzremmighausen.de\/wordpress\/wp-json\/wp\/v2\/comments?post=8023"}],"version-history":[{"count":0,"href":"https:\/\/www.tuseichholzremmighausen.de\/wordpress\/wp-json\/wp\/v2\/posts\/8023\/revisions"}],"wp:attachment":[{"href":"https:\/\/www.tuseichholzremmighausen.de\/wordpress\/wp-json\/wp\/v2\/media?parent=8023"}],"wp:term":[{"taxonomy":"category","embeddable":true,"href":"https:\/\/www.tuseichholzremmighausen.de\/wordpress\/wp-json\/wp\/v2\/categories?post=8023"},{"taxonomy":"post_tag","embeddable":true,"href":"https:\/\/www.tuseichholzremmighausen.de\/wordpress\/wp-json\/wp\/v2\/tags?post=8023"}],"curies":[{"name":"wp","href":"https:\/\/api.w.org\/{rel}","templated":true}]}}