{"id":8035,"date":"2015-10-05T17:25:37","date_gmt":"2015-10-05T16:25:37","guid":{"rendered":"http:\/\/www.tuseichholzremmighausen.de\/wordpress\/?p=8035"},"modified":"2020-09-11T20:33:33","modified_gmt":"2020-09-11T18:33:33","slug":"mathews-elf-mit-souveraenem-61-gegen-jerxen-o-ii","status":"publish","type":"post","link":"https:\/\/www.tuseichholzremmighausen.de\/wordpress\/archives\/8035","title":{"rendered":"Mathews-Elf mit souver\u00e4nem 6:1 gegen Jerxen-O. II"},"content":{"rendered":"<p><strong>Torchancen f\u00fcr mindestens zwei Partien!<\/strong><\/p>\n<figure id=\"attachment_8036\" aria-describedby=\"caption-attachment-8036\" style=\"width: 600px\" class=\"wp-caption alignnone\"><a href=\"https:\/\/i0.wp.com\/www.tuseichholzremmighausen.de\/wordpress\/wp-content\/uploads\/2015\/10\/fb_erste_151004_03.jpg?ssl=1\"><img data-recalc-dims=\"1\" loading=\"lazy\" decoding=\"async\" data-attachment-id=\"8036\" data-permalink=\"https:\/\/www.tuseichholzremmighausen.de\/wordpress\/archives\/8035\/fb_erste_151004_03\" data-orig-file=\"https:\/\/i0.wp.com\/www.tuseichholzremmighausen.de\/wordpress\/wp-content\/uploads\/2015\/10\/fb_erste_151004_03.jpg?fit=600%2C399&amp;ssl=1\" data-orig-size=\"600,399\" data-comments-opened=\"0\" data-image-meta=\"{&quot;aperture&quot;:&quot;4&quot;,&quot;credit&quot;:&quot;Rolf Gehrke&quot;,&quot;camera&quot;:&quot;Canon EOS 70D&quot;,&quot;caption&quot;:&quot;&quot;,&quot;created_timestamp&quot;:&quot;1443975806&quot;,&quot;copyright&quot;:&quot;Rolf Gehrke 2015&quot;,&quot;focal_length&quot;:&quot;87&quot;,&quot;iso&quot;:&quot;640&quot;,&quot;shutter_speed&quot;:&quot;0.000625&quot;,&quot;title&quot;:&quot;&quot;,&quot;orientation&quot;:&quot;1&quot;}\" data-image-title=\"fb_erste_151004_03\" data-image-description=\"\" data-image-caption=\"&lt;p&gt;Eichholzer Defensive l\u00e4sst gegen Jerxen II wenig zu&lt;\/p&gt;\n\" data-large-file=\"https:\/\/i0.wp.com\/www.tuseichholzremmighausen.de\/wordpress\/wp-content\/uploads\/2015\/10\/fb_erste_151004_03.jpg?fit=600%2C399&amp;ssl=1\" class=\"size-full wp-image-8036\" src=\"https:\/\/i0.wp.com\/www.tuseichholzremmighausen.de\/wordpress\/wp-content\/uploads\/2015\/10\/fb_erste_151004_03.jpg?resize=600%2C399&#038;ssl=1\" alt=\"Eichholzer Defensive l\u00e4sst gegen Jerxen II wenig zu\" width=\"600\" height=\"399\" srcset=\"https:\/\/i0.wp.com\/www.tuseichholzremmighausen.de\/wordpress\/wp-content\/uploads\/2015\/10\/fb_erste_151004_03.jpg?w=600&amp;ssl=1 600w, https:\/\/i0.wp.com\/www.tuseichholzremmighausen.de\/wordpress\/wp-content\/uploads\/2015\/10\/fb_erste_151004_03.jpg?resize=300%2C200&amp;ssl=1 300w\" sizes=\"auto, (max-width: 600px) 100vw, 600px\" \/><\/a><figcaption id=\"caption-attachment-8036\" class=\"wp-caption-text\">Eichholzer Defensive l\u00e4sst gegen Jerxen II wenig zu<\/figcaption><\/figure>\n<p>So dachten die angespannten Zuschauer, <strong>stand es doch\u00a0unglaublich\u00a0lange 0:0<\/strong>&#8230; Gegen den SV E. Jerxen-O. II erwischte der TuS einen super Start, erarbeitete sich Chance auf Chance, allerdings ohne zu treffen&#8230; und tats\u00e4chlich musste nach einem schnellen Konter sogar\u00a0der R\u00fcckstand (33. Minute)\u00a0hinnehmen. Erst 4 Minuten vor dem Seitenwechsel egalisierte Dominik Klare, und traf zum 1:1-Halbzeitstand.<!--more--> Nach dem Ausgleich hatten sich beide Mannschaften die\u00a0Pause verdient,\u00a0situationsbedingt mit sehr unterschiedlichen Ansagen der Trainer.\u00a0John forderte mehr\u00a0Effektivit\u00e4t im Sturm, die Chancenauswertung musste definitiv besser werden. Auf der anderen Seite war der Eintracht-Coach mit dem Remis zur Halbzeit\u00a0sicher nicht unzufrieden. Eichholz in der Defensive sicher, musste dann aber einen Elfmeter gegen sich hinnehmen. Jean-Marc, der wieder einmal\u00a0ein\u00a0grandioses Spiel ablieferte, parierte diesen mit einer Glanztat!<\/p>\n<figure id=\"attachment_8037\" aria-describedby=\"caption-attachment-8037\" style=\"width: 600px\" class=\"wp-caption alignnone\"><a href=\"https:\/\/i0.wp.com\/www.tuseichholzremmighausen.de\/wordpress\/wp-content\/uploads\/2015\/10\/fb_erste_151004_01.jpg?ssl=1\"><img data-recalc-dims=\"1\" loading=\"lazy\" decoding=\"async\" data-attachment-id=\"8037\" data-permalink=\"https:\/\/www.tuseichholzremmighausen.de\/wordpress\/archives\/8035\/fb_erste_151004_01\" data-orig-file=\"https:\/\/i0.wp.com\/www.tuseichholzremmighausen.de\/wordpress\/wp-content\/uploads\/2015\/10\/fb_erste_151004_01.jpg?fit=600%2C399&amp;ssl=1\" data-orig-size=\"600,399\" data-comments-opened=\"0\" data-image-meta=\"{&quot;aperture&quot;:&quot;4&quot;,&quot;credit&quot;:&quot;Rolf Gehrke&quot;,&quot;camera&quot;:&quot;Canon EOS 70D&quot;,&quot;caption&quot;:&quot;&quot;,&quot;created_timestamp&quot;:&quot;1443976806&quot;,&quot;copyright&quot;:&quot;Rolf Gehrke 2015&quot;,&quot;focal_length&quot;:&quot;140&quot;,&quot;iso&quot;:&quot;640&quot;,&quot;shutter_speed&quot;:&quot;0.000625&quot;,&quot;title&quot;:&quot;&quot;,&quot;orientation&quot;:&quot;1&quot;}\" data-image-title=\"fb_erste_151004_01\" data-image-description=\"\" data-image-caption=\"&lt;p&gt;Klasse Reaktion auf der Linie &amp;#8211; mit dem Knie lenkt er den Elfer zur Seite ab&lt;\/p&gt;\n\" data-large-file=\"https:\/\/i0.wp.com\/www.tuseichholzremmighausen.de\/wordpress\/wp-content\/uploads\/2015\/10\/fb_erste_151004_01.jpg?fit=600%2C399&amp;ssl=1\" class=\"size-full wp-image-8037\" src=\"https:\/\/i0.wp.com\/www.tuseichholzremmighausen.de\/wordpress\/wp-content\/uploads\/2015\/10\/fb_erste_151004_01.jpg?resize=600%2C399&#038;ssl=1\" alt=\"Klasse Reaktion auf der Linie - mit dem Knie lenkt er den Elfer zur Seite ab\" width=\"600\" height=\"399\" srcset=\"https:\/\/i0.wp.com\/www.tuseichholzremmighausen.de\/wordpress\/wp-content\/uploads\/2015\/10\/fb_erste_151004_01.jpg?w=600&amp;ssl=1 600w, https:\/\/i0.wp.com\/www.tuseichholzremmighausen.de\/wordpress\/wp-content\/uploads\/2015\/10\/fb_erste_151004_01.jpg?resize=300%2C200&amp;ssl=1 300w\" sizes=\"auto, (max-width: 600px) 100vw, 600px\" \/><\/a><figcaption id=\"caption-attachment-8037\" class=\"wp-caption-text\">Klasse Reaktion auf der Linie &#8211; mit dem Knie lenkt er den Elfer zur Seite ab<\/figcaption><\/figure>\n<p>Auch die sich bietende\u00a0Nachschussm\u00f6glichkeit der G\u00e4ste aus spitzem Winkel wehrte er eindrucksvoll ab. Ab der 60. Spielminute gab der TuS richtig Gas, Serkan brachte die Gr\u00fcn-Wei\u00dfen endlich in front.<\/p>\n<figure id=\"attachment_8038\" aria-describedby=\"caption-attachment-8038\" style=\"width: 600px\" class=\"wp-caption alignnone\"><a href=\"https:\/\/i0.wp.com\/www.tuseichholzremmighausen.de\/wordpress\/wp-content\/uploads\/2015\/10\/fb_erste_151004_02.jpg?ssl=1\"><img data-recalc-dims=\"1\" loading=\"lazy\" decoding=\"async\" data-attachment-id=\"8038\" data-permalink=\"https:\/\/www.tuseichholzremmighausen.de\/wordpress\/archives\/8035\/fb_erste_151004_02\" data-orig-file=\"https:\/\/i0.wp.com\/www.tuseichholzremmighausen.de\/wordpress\/wp-content\/uploads\/2015\/10\/fb_erste_151004_02.jpg?fit=600%2C399&amp;ssl=1\" data-orig-size=\"600,399\" data-comments-opened=\"0\" data-image-meta=\"{&quot;aperture&quot;:&quot;4&quot;,&quot;credit&quot;:&quot;Rolf Gehrke&quot;,&quot;camera&quot;:&quot;Canon EOS 70D&quot;,&quot;caption&quot;:&quot;&quot;,&quot;created_timestamp&quot;:&quot;1443976810&quot;,&quot;copyright&quot;:&quot;Rolf Gehrke 2015&quot;,&quot;focal_length&quot;:&quot;118&quot;,&quot;iso&quot;:&quot;640&quot;,&quot;shutter_speed&quot;:&quot;0.000625&quot;,&quot;title&quot;:&quot;&quot;,&quot;orientation&quot;:&quot;1&quot;}\" data-image-title=\"fb_erste_151004_02\" data-image-description=\"\" data-image-caption=\"&lt;p&gt;Jean-Marc pariert auch den Nachschuss&lt;\/p&gt;\n\" data-large-file=\"https:\/\/i0.wp.com\/www.tuseichholzremmighausen.de\/wordpress\/wp-content\/uploads\/2015\/10\/fb_erste_151004_02.jpg?fit=600%2C399&amp;ssl=1\" class=\"size-full wp-image-8038\" src=\"https:\/\/i0.wp.com\/www.tuseichholzremmighausen.de\/wordpress\/wp-content\/uploads\/2015\/10\/fb_erste_151004_02.jpg?resize=600%2C399&#038;ssl=1\" alt=\"Jean-Marc pariert auch den Nachschuss\" width=\"600\" height=\"399\" srcset=\"https:\/\/i0.wp.com\/www.tuseichholzremmighausen.de\/wordpress\/wp-content\/uploads\/2015\/10\/fb_erste_151004_02.jpg?w=600&amp;ssl=1 600w, https:\/\/i0.wp.com\/www.tuseichholzremmighausen.de\/wordpress\/wp-content\/uploads\/2015\/10\/fb_erste_151004_02.jpg?resize=300%2C200&amp;ssl=1 300w\" sizes=\"auto, (max-width: 600px) 100vw, 600px\" \/><\/a><figcaption id=\"caption-attachment-8038\" class=\"wp-caption-text\">Jean-Marc pariert auch den Nachschuss<\/figcaption><\/figure>\n<p>Ein Doppelpack vom eingewechselten Alfonso Cervinara\u00a0(64.und 65.), sowie die weiteren Treffer von Jannik Rother (81.) und Timo Tcheon (90.)\u00a0 sorgten schlie\u00dflich f\u00fcr den, auch in der H\u00f6he verdienten 6:1-Heimsieg.<\/p>\n","protected":false},"excerpt":{"rendered":"<p>Torchancen f\u00fcr mindestens zwei Partien! So dachten die angespannten Zuschauer, stand es doch\u00a0unglaublich\u00a0lange 0:0&#8230; Gegen den SV E. Jerxen-O. II<\/p>\n","protected":false},"author":16,"featured_media":0,"comment_status":"closed","ping_status":"closed","sticky":false,"template":"","format":"standard","meta":{"colormag_page_container_layout":"default_layout","colormag_page_sidebar_layout":"default_layout","_jetpack_memberships_contains_paid_content":false,"footnotes":"","jetpack_publicize_message":"","jetpack_publicize_feature_enabled":true,"jetpack_social_post_already_shared":false,"jetpack_social_options":{"image_generator_settings":{"template":"highway","default_image_id":0,"font":"","enabled":false},"version":2}},"categories":[157],"tags":[],"class_list":["post-8035","post","type-post","status-publish","format-standard","hentry","category-archiv"],"jetpack_publicize_connections":[],"jetpack_featured_media_url":"","jetpack_sharing_enabled":true,"_links":{"self":[{"href":"https:\/\/www.tuseichholzremmighausen.de\/wordpress\/wp-json\/wp\/v2\/posts\/8035","targetHints":{"allow":["GET"]}}],"collection":[{"href":"https:\/\/www.tuseichholzremmighausen.de\/wordpress\/wp-json\/wp\/v2\/posts"}],"about":[{"href":"https:\/\/www.tuseichholzremmighausen.de\/wordpress\/wp-json\/wp\/v2\/types\/post"}],"author":[{"embeddable":true,"href":"https:\/\/www.tuseichholzremmighausen.de\/wordpress\/wp-json\/wp\/v2\/users\/16"}],"replies":[{"embeddable":true,"href":"https:\/\/www.tuseichholzremmighausen.de\/wordpress\/wp-json\/wp\/v2\/comments?post=8035"}],"version-history":[{"count":0,"href":"https:\/\/www.tuseichholzremmighausen.de\/wordpress\/wp-json\/wp\/v2\/posts\/8035\/revisions"}],"wp:attachment":[{"href":"https:\/\/www.tuseichholzremmighausen.de\/wordpress\/wp-json\/wp\/v2\/media?parent=8035"}],"wp:term":[{"taxonomy":"category","embeddable":true,"href":"https:\/\/www.tuseichholzremmighausen.de\/wordpress\/wp-json\/wp\/v2\/categories?post=8035"},{"taxonomy":"post_tag","embeddable":true,"href":"https:\/\/www.tuseichholzremmighausen.de\/wordpress\/wp-json\/wp\/v2\/tags?post=8035"}],"curies":[{"name":"wp","href":"https:\/\/api.w.org\/{rel}","templated":true}]}}