{"id":8044,"date":"2015-10-07T13:39:37","date_gmt":"2015-10-07T12:39:37","guid":{"rendered":"http:\/\/www.tuseichholzremmighausen.de\/wordpress\/?p=8044"},"modified":"2020-09-11T20:33:33","modified_gmt":"2020-09-11T18:33:33","slug":"9-ordentliche-vorstandssitzung-am-06-oktober-2015","status":"publish","type":"post","link":"https:\/\/www.tuseichholzremmighausen.de\/wordpress\/archives\/8044","title":{"rendered":"9. Ordentliche Vorstandssitzung am 06. Oktober 2015"},"content":{"rendered":"<p><strong>Vorsitzende<\/strong><\/p>\n<ul>\n<li>FuI-Sondersitzung zur Betreuung von Fl\u00fcchtlingen in Remmighausen und Spork-Eichholz unter Mitwirkung des TuS, der Schule, des Kindergartens<\/li>\n<li>Nach den Ferien erneuter Arbeitseinsatz an der Turnhalle in Eichholz<\/li>\n<li>Termin nach R\u00fccksprache, an die Helfer und Helfer mit Ger\u00e4t,\u00a0durch Rundruf<\/li>\n<li>Die Arbeiten sollen bis Ende Oktober 2015 beendet sein<\/li>\n<\/ul>\n<p><!--more--><\/p>\n<p><strong>Kassenwarte<\/strong><\/p>\n<ul>\n<li>Erstattung von Rundfunkgeb\u00fchren<\/li>\n<li>Spendenquittungen f\u00fcr Sportfest werden ausgestellt<\/li>\n<li>Steigerung der Mitgliedszahlen Anfang Oktober 2015 auf 1.045<\/li>\n<li>Au\u00dfenstande bei den Beitr\u00e4gen immer noch sehr hoch<\/li>\n<\/ul>\n<p><strong>Schriftf\u00fchrer<\/strong><\/p>\n<ul>\n<li>Teilnahme an Veranstaltung &#8222;Ehrenamt&#8220; in der Sparkasse PB \/ DT<\/li>\n<li>Informationen f\u00fcr die Nutzung, durch den TuS, der App Stadtwerke DT &#8222;Appmold&#8220;, eingeholt<\/li>\n<li>Termine f\u00fcr Meldungen Fu\u00dfballjugend und TuL wahrgenommen, erledigt<\/li>\n<\/ul>\n<p><strong>Sozialwart<\/strong><\/p>\n<ul>\n<li>5 Unf\u00e4lle im Fu\u00dfball bei den Herren, Alten Herren und M\u00e4dchen gemeldet<\/li>\n<\/ul>\n<p><strong>Vereinsjugend<\/strong><\/p>\n<ul>\n<li>\u00a0U. Kaiser k\u00fcmmert sich jetzt verst\u00e4rkt um Spielgenehmigungen f\u00fcr neue Spieler<\/li>\n<\/ul>\n<div><strong>Medienbeauftragter<\/strong><\/div>\n<ul>\n<li>R. Gehrke k\u00fcmmert sich um die Homepage des TuS, um die Pressearbeit im TuS und als Ansprechpartner f\u00fcr aktuelle Berichte, die noch vor Ver\u00f6ffentlichung durch die Presse den Medienbeauftragten erreichen, auch um die Verarbeitung von Fotos, die mit dem Handy zu einem Bericht\u00a0aufgenommen wurden<\/li>\n<li>Wird jetzt die Homepage des TuS mit Facebook zusammenf\u00fchren<\/li>\n<\/ul>\n<p><strong>Schachabteilung<\/strong><\/p>\n<ul>\n<li>Im 4-er Pokal ist die Mannschaft des TuS gegen Lieme ausgeschieden<\/li>\n<li>1. Mannschaft hat in der Verbandsklasse OWL 2:6 gegen Ubbedissen verloren<\/li>\n<li>N\u00e4chster Mannschaftskampf am 18.10.2015 in Enger<\/li>\n<li>2. Mannschaft am 31.10.2015 zuhause 1. Kampf gegen Lage<\/li>\n<li>Teilnahme von 24 Jugendlichen, davon 6 vom TuS bei den Lippischen Jugendeinzelmeisterschaften mit Platz 2 und 3 bei den U 12, Lennert Gehrken, Felix Erber und bei den U14 der 2. Platz durch Jan Schreiber<\/li>\n<li>Am 15.10.2015 beginnen die Spiele um den Vereinspokal, bis ca.\u00a0M\u00e4rz 2016<\/li>\n<\/ul>\n<p><strong>Turn- und Leichtathletikabteilung<\/strong><\/p>\n<ul>\n<li>Mareen Schwartmann, Pr\u00fcfung in Berlin, zur Bundeskampfrichterin, bestanden<\/li>\n<li>Crazy Angels Trainerin ist Lena Wagner<\/li>\n<li>Neuer Zumba-Kurs nach den Herbstferien<\/li>\n<li>Neue Gruppe Saphira hatte ihren 1. Auftritt, unter Leitung der Trainerin Liara M\u00fcller, im Sommertheater in Detmold, mit dem St\u00fcck &#8222;Kindertag&#8220;<\/li>\n<\/ul>\n<p><strong>Handballabteilung<\/strong><\/p>\n<ul>\n<li>Keine besonderen Punkte<\/li>\n<\/ul>\n<p><strong>Fu\u00dfballabteilung<\/strong><\/p>\n<ul>\n<li>Die 2. Mannschaft hat ihr letztes Punktespiel in Unterzahl und mit Verst\u00e4rkung durch die Alten Herren verloren und es muss jetzt eine dauerhafte L\u00f6sung her<\/li>\n<\/ul>\n<p><strong>Tischtennisabteilung<\/strong><\/p>\n<ul>\n<li>Ansprechpartner G. Mischer 05231-4328<\/li>\n<\/ul>\n<p><strong>Verschiedenes<\/strong><\/p>\n<ul>\n<li>Im n\u00e4chsten Jahr findet in Detmold mit der Stadt DT und Hasselt\u00a0eine Jubil\u00e4umsveranstaltung statt, die der TuS unterst\u00fctzen soll<\/li>\n<li>Einzelheiten dazu folgen und m\u00fcssen erst abgesprochen werden<\/li>\n<\/ul>\n<p>&nbsp;<\/p>\n","protected":false},"excerpt":{"rendered":"<p>Vorsitzende FuI-Sondersitzung zur Betreuung von Fl\u00fcchtlingen in Remmighausen und Spork-Eichholz unter Mitwirkung des TuS, der Schule, des Kindergartens Nach den<\/p>\n","protected":false},"author":46,"featured_media":0,"comment_status":"closed","ping_status":"closed","sticky":false,"template":"","format":"standard","meta":{"colormag_page_container_layout":"default_layout","colormag_page_sidebar_layout":"default_layout","_jetpack_memberships_contains_paid_content":false,"footnotes":"","jetpack_publicize_message":"","jetpack_publicize_feature_enabled":true,"jetpack_social_post_already_shared":false,"jetpack_social_options":{"image_generator_settings":{"template":"highway","default_image_id":0,"font":"","enabled":false},"version":2}},"categories":[157],"tags":[],"class_list":["post-8044","post","type-post","status-publish","format-standard","hentry","category-archiv"],"jetpack_publicize_connections":[],"jetpack_featured_media_url":"","jetpack_sharing_enabled":true,"_links":{"self":[{"href":"https:\/\/www.tuseichholzremmighausen.de\/wordpress\/wp-json\/wp\/v2\/posts\/8044","targetHints":{"allow":["GET"]}}],"collection":[{"href":"https:\/\/www.tuseichholzremmighausen.de\/wordpress\/wp-json\/wp\/v2\/posts"}],"about":[{"href":"https:\/\/www.tuseichholzremmighausen.de\/wordpress\/wp-json\/wp\/v2\/types\/post"}],"author":[{"embeddable":true,"href":"https:\/\/www.tuseichholzremmighausen.de\/wordpress\/wp-json\/wp\/v2\/users\/46"}],"replies":[{"embeddable":true,"href":"https:\/\/www.tuseichholzremmighausen.de\/wordpress\/wp-json\/wp\/v2\/comments?post=8044"}],"version-history":[{"count":0,"href":"https:\/\/www.tuseichholzremmighausen.de\/wordpress\/wp-json\/wp\/v2\/posts\/8044\/revisions"}],"wp:attachment":[{"href":"https:\/\/www.tuseichholzremmighausen.de\/wordpress\/wp-json\/wp\/v2\/media?parent=8044"}],"wp:term":[{"taxonomy":"category","embeddable":true,"href":"https:\/\/www.tuseichholzremmighausen.de\/wordpress\/wp-json\/wp\/v2\/categories?post=8044"},{"taxonomy":"post_tag","embeddable":true,"href":"https:\/\/www.tuseichholzremmighausen.de\/wordpress\/wp-json\/wp\/v2\/tags?post=8044"}],"curies":[{"name":"wp","href":"https:\/\/api.w.org\/{rel}","templated":true}]}}