{"id":8112,"date":"2015-11-04T12:10:20","date_gmt":"2015-11-04T11:10:20","guid":{"rendered":"http:\/\/www.tuseichholzremmighausen.de\/wordpress\/?p=8112"},"modified":"2020-09-11T20:33:32","modified_gmt":"2020-09-11T18:33:32","slug":"10-ordentliche-vorstandssitzung-am-03-november-2015","status":"publish","type":"post","link":"https:\/\/www.tuseichholzremmighausen.de\/wordpress\/archives\/8112","title":{"rendered":"10. Ordentliche Vorstandssitzung am 03. November 2015"},"content":{"rendered":"<p><strong>Vorsitzende<\/strong><\/p>\n<ul>\n<li>Gelder f\u00fcr die Jugendf\u00f6rderung anfordern<\/li>\n<li>Aufr\u00e4umarbeiten, an der Turnhalle Eichholz, abgeschlossen<\/li>\n<\/ul>\n<div><\/div>\n<p><!--more--><\/p>\n<ul>\n<li>D. Wilberg wirkt im Fl\u00fcchtlingskreis mit und berichtet \u00fcber Aktivit\u00e4ten, wobei bereits einige Fl\u00fcchtlinge im Verein aktiv sind und von den Abteilungen betreut werden sollen! Hierzu wird noch ein Fleier in verschiedenen Sprachen erstellt<\/li>\n<li>C. Schaefer k\u00fcmmert sich um\u00a0Anmeldung, Versicherung, Antr\u00e4ge an \u00c4mter und um die Beantwortung von Fragen der Fl\u00fcchtlinge zu den Sportarten im TuS<\/li>\n<li>C. Sch\u00e4fer nahm an einer Info-Veranstaltung &#8220; Ehrenamt&#8220; beim FuL-Kreis f\u00fcr den TuS teil, bei dem von 42 Vereinen nur ca. 1\/3 der Vereine vertreten waren<\/li>\n<li>A. Schwartmann u. U. Kaiser\u00a0vertraten den TuS bei den 3 gleichzeitig stattfindenden Veranstaltungen, beim &#8222;Runden Tisch&#8220;, beim Stadtsportverband Detmold, der die dort behandelten Themen noch per Rundschreiben n\u00e4her erl\u00e4utern wird<\/li>\n<\/ul>\n<p><strong>Kassenwarte <\/strong><\/p>\n<ul>\n<li>Zusch\u00fcsse sind alle eingegangen<\/li>\n<li>Gelder f\u00fcr Trainer, \u00dcbungsleiter und Helfer beantragen<\/li>\n<li>Sparkasse hat die Geb\u00fchren umgestellt, was zu erheblicher Mehrbelastung im \u00a0Haushalt f\u00fchrt, wobei der Verein sonst immer,\u00a0als gemeinn\u00fctziger Verein,\u00a0von Sparkassen unterst\u00fctzt wird<\/li>\n<li>Die Etatabrechnung zum 30. September 2015 ist erstellt<\/li>\n<li>Die Mitgliederzahlen sind Anfang November 2015 weiter auf 1.049 gestiegen<\/li>\n<li>Die Au\u00dfenst\u00e4nde bei den Beitragszahlern sind immer noch sehr hoch<\/li>\n<\/ul>\n<p><strong>Schriftf\u00fchrer<\/strong><\/p>\n<ul>\n<li>Die Zusch\u00fcsse f\u00fcr den TuS sind alle beantragt worden<\/li>\n<\/ul>\n<div><strong>Medienbeauftragter<\/strong><\/div>\n<ul>\n<li>\u00dcberarbeitung der Homepage des TuS<\/li>\n<li>Vorbereitung zur Zusammenf\u00fchrung Facebook und TuS Homepage<\/li>\n<li>Anfang 2016 soll die Zusammenf\u00fchrung beginnen und laufen<\/li>\n<\/ul>\n<p><strong>Sozialwart<\/strong><\/p>\n<ul>\n<li>Warte noch immer auf die R\u00fcckl\u00e4ufer von Unfallmeldungen<\/li>\n<\/ul>\n<p><strong>Vereinsjugend<\/strong><\/p>\n<ul>\n<li>Bescheinigungen f\u00fcr das Amt, auch f\u00fcr Fl\u00fcchtlinge werden weiter ausgestellt<\/li>\n<li>Am 21. Dezember 2015, \u00a0Ordentlicher Vereinsjugendtag<\/li>\n<li>Festausschuss f\u00fcr Weihnachtsmarkt best\u00e4tigt alle Termine<\/li>\n<li>Laternenumzug, Freitag 06. Nov. 2015, wird \u00fcberwiegend vom TuS durchgef\u00fchrt<\/li>\n<li>Gleichzeitig, 06.11.2015,\u00a0um 19.00 Uhr,\u00a0Meisterschaftsspiel der B2-M\u00e4dchen<\/li>\n<\/ul>\n<p><strong>Schachabteilung<\/strong><\/p>\n<ul>\n<li>Im Vereinspokal ist die\u00a02 Runde von 7 Runden gespielt<\/li>\n<li>1. Mannschaft hat ihr Spiel gegen Enger mit 6,5 zu 1,5 Brettpunkten gewonnen und steht nach 2 Spielen auf Platz 4 von 10 in der Verbandsklasse<\/li>\n<li>N\u00e4chstes Spiel 1. Mannschaft\u00a0hier am 08.11.2015 gegen Bad Lippspringe<\/li>\n<li>2. Mannschaft hat mit 4 zu 2 Brettpunkten gegen Lage gewonnen und ist Tabellenf\u00fchrer, spielt am 21. Nov. 2015 in Bad Salzuflen<\/li>\n<li>Abteilungsversammlung ist am 12. November 2015<\/li>\n<\/ul>\n<p><strong>Turn- und Leichtathletikabteilung<\/strong><\/p>\n<ul>\n<li>Mikados und Smarties tanzen auf Lebenshilfe Herbstball im Atrium in Detmold<\/li>\n<li>Teilnahme an Info-Veranstaltung Stadtsportverband DT, dort mit der\u00a0Bitte um Infos, zu einer Zusammenarbeit mit einem Sozialarbeiter<\/li>\n<li>Parksituation an Halle Eichholz kritisch, wenn Schiedsrichter zwecks Ausbildung alle Zuwege und Einfahrten blockieren, muss umgeparkt werden\u00a0und\u00a0\u00a0\u00a0\u00a0\u00a0 Rettungswagen gelangen im unteren Drittel der Stra\u00dfe nicht zu den Anwohnern<\/li>\n<li>Crazy Angels und Saphira beim B\u00fchnenprogramm auf dem Weihnachtsmarkt<\/li>\n<li>Trainerinnenfortbildung durch einen professionellen Trainer angedacht<\/li>\n<\/ul>\n<p><strong>Handballabteilung<\/strong><\/p>\n<ul>\n<li>1. Damenmannschaft, zuletzt mit Negativserie, belegt einen letzten Tabellenplatz<\/li>\n<li>Herren stehen auf dem 2. Platz und haben erst 1 Punkt abgegeben, wobei das Trainergespann gute Arbeit leistet<\/li>\n<li>Die weibliche C-Jugend spielt in der Oberliga im unteren Mittelfeld und die Entscheidung in dieser Liga zu spielen war richtig<\/li>\n<\/ul>\n<p><strong>Fu\u00dfballabteilung<\/strong><\/p>\n<ul>\n<li>Die 1. Mannschaft spielt um den Klassenerhalt unter ihrem neuen Trainer gut mit<\/li>\n<li>F\u00fcr die 2. Mannschaft, die unter Personalmangel leidet, gibt es 3 neue Spieler<\/li>\n<li>Die Damen mit Verletzungssorgen, viele Ausf\u00e4lle, daher keine guten Ergebnisse<\/li>\n<\/ul>\n<p><strong>Tischtennisabteilung<\/strong><\/p>\n<ul>\n<li>Ansprechpartner G. Mischer Telef. 05231 &#8211; 4328<\/li>\n<\/ul>\n<p><strong>Verschiedenes<\/strong><\/p>\n<ul>\n<li>Gelder f\u00fcr den neuen Trainerstab der Fu\u00dfball-Herrenmannschaft bewilligt<\/li>\n<li>Aufr\u00e4umarbeiten Vereinsheim,\u00a0am 14. Nov. 2015, es werden noch Helfer gesucht<\/li>\n<li>50 m langer , 1 m hoher Zaun durch den TuS im Bereich zur Werre in Arbeit<\/li>\n<li>Ballfangzaun, am Sportplatz Remmighausen, vermutlich mutwillig besch\u00e4digt<\/li>\n<\/ul>\n","protected":false},"excerpt":{"rendered":"<p>Vorsitzende Gelder f\u00fcr die Jugendf\u00f6rderung anfordern Aufr\u00e4umarbeiten, an der Turnhalle Eichholz, abgeschlossen<\/p>\n","protected":false},"author":46,"featured_media":0,"comment_status":"closed","ping_status":"closed","sticky":false,"template":"","format":"standard","meta":{"colormag_page_container_layout":"default_layout","colormag_page_sidebar_layout":"default_layout","_jetpack_memberships_contains_paid_content":false,"footnotes":"","jetpack_publicize_message":"10. Ordentliche Vorstandssitzung am 03. November 2015","jetpack_publicize_feature_enabled":true,"jetpack_social_post_already_shared":true,"jetpack_social_options":{"image_generator_settings":{"template":"highway","default_image_id":0,"font":"","enabled":false},"version":2}},"categories":[157],"tags":[],"class_list":["post-8112","post","type-post","status-publish","format-standard","hentry","category-archiv"],"jetpack_publicize_connections":[],"jetpack_featured_media_url":"","jetpack_sharing_enabled":true,"_links":{"self":[{"href":"https:\/\/www.tuseichholzremmighausen.de\/wordpress\/wp-json\/wp\/v2\/posts\/8112","targetHints":{"allow":["GET"]}}],"collection":[{"href":"https:\/\/www.tuseichholzremmighausen.de\/wordpress\/wp-json\/wp\/v2\/posts"}],"about":[{"href":"https:\/\/www.tuseichholzremmighausen.de\/wordpress\/wp-json\/wp\/v2\/types\/post"}],"author":[{"embeddable":true,"href":"https:\/\/www.tuseichholzremmighausen.de\/wordpress\/wp-json\/wp\/v2\/users\/46"}],"replies":[{"embeddable":true,"href":"https:\/\/www.tuseichholzremmighausen.de\/wordpress\/wp-json\/wp\/v2\/comments?post=8112"}],"version-history":[{"count":0,"href":"https:\/\/www.tuseichholzremmighausen.de\/wordpress\/wp-json\/wp\/v2\/posts\/8112\/revisions"}],"wp:attachment":[{"href":"https:\/\/www.tuseichholzremmighausen.de\/wordpress\/wp-json\/wp\/v2\/media?parent=8112"}],"wp:term":[{"taxonomy":"category","embeddable":true,"href":"https:\/\/www.tuseichholzremmighausen.de\/wordpress\/wp-json\/wp\/v2\/categories?post=8112"},{"taxonomy":"post_tag","embeddable":true,"href":"https:\/\/www.tuseichholzremmighausen.de\/wordpress\/wp-json\/wp\/v2\/tags?post=8112"}],"curies":[{"name":"wp","href":"https:\/\/api.w.org\/{rel}","templated":true}]}}