{"id":8158,"date":"2015-11-18T17:34:58","date_gmt":"2015-11-18T16:34:58","guid":{"rendered":"http:\/\/www.tuseichholzremmighausen.de\/wordpress\/?p=8158"},"modified":"2020-09-11T20:33:32","modified_gmt":"2020-09-11T18:33:32","slug":"ungeschlagen-in-die-a-gruppe-aufgestiegen-d-jugend-feiert","status":"publish","type":"post","link":"https:\/\/www.tuseichholzremmighausen.de\/wordpress\/archives\/8158","title":{"rendered":"Ungeschlagen in die A-Gruppe aufgestiegen! D-Jugend feiert"},"content":{"rendered":"<figure id=\"attachment_8159\" aria-describedby=\"caption-attachment-8159\" style=\"width: 600px\" class=\"wp-caption alignnone\"><a href=\"https:\/\/i0.wp.com\/www.tuseichholzremmighausen.de\/wordpress\/wp-content\/uploads\/2015\/11\/fb_d-junioren_151117_01.jpg?ssl=1\"><img data-recalc-dims=\"1\" loading=\"lazy\" decoding=\"async\" data-attachment-id=\"8159\" data-permalink=\"https:\/\/www.tuseichholzremmighausen.de\/wordpress\/archives\/8158\/fb_d-junioren_151117_01\" data-orig-file=\"https:\/\/i0.wp.com\/www.tuseichholzremmighausen.de\/wordpress\/wp-content\/uploads\/2015\/11\/fb_d-junioren_151117_01.jpg?fit=600%2C399&amp;ssl=1\" data-orig-size=\"600,399\" data-comments-opened=\"0\" data-image-meta=\"{&quot;aperture&quot;:&quot;0&quot;,&quot;credit&quot;:&quot;&quot;,&quot;camera&quot;:&quot;&quot;,&quot;caption&quot;:&quot;&quot;,&quot;created_timestamp&quot;:&quot;0&quot;,&quot;copyright&quot;:&quot;&quot;,&quot;focal_length&quot;:&quot;0&quot;,&quot;iso&quot;:&quot;0&quot;,&quot;shutter_speed&quot;:&quot;0&quot;,&quot;title&quot;:&quot;&quot;,&quot;orientation&quot;:&quot;0&quot;}\" data-image-title=\"fb_d-junioren_151117_01\" data-image-description=\"\" data-image-caption=\"&lt;p&gt;Jannis und Dirk &amp;#8211; im Hintergrund feiern die Jungs&lt;\/p&gt;\n\" data-large-file=\"https:\/\/i0.wp.com\/www.tuseichholzremmighausen.de\/wordpress\/wp-content\/uploads\/2015\/11\/fb_d-junioren_151117_01.jpg?fit=600%2C399&amp;ssl=1\" class=\"size-full wp-image-8159\" src=\"https:\/\/i0.wp.com\/www.tuseichholzremmighausen.de\/wordpress\/wp-content\/uploads\/2015\/11\/fb_d-junioren_151117_01.jpg?resize=600%2C399&#038;ssl=1\" alt=\"Jannis und Dirk - im Hintergrund feiern die Jungs\" width=\"600\" height=\"399\" srcset=\"https:\/\/i0.wp.com\/www.tuseichholzremmighausen.de\/wordpress\/wp-content\/uploads\/2015\/11\/fb_d-junioren_151117_01.jpg?w=600&amp;ssl=1 600w, https:\/\/i0.wp.com\/www.tuseichholzremmighausen.de\/wordpress\/wp-content\/uploads\/2015\/11\/fb_d-junioren_151117_01.jpg?resize=300%2C200&amp;ssl=1 300w\" sizes=\"auto, (max-width: 600px) 100vw, 600px\" \/><\/a><figcaption id=\"caption-attachment-8159\" class=\"wp-caption-text\">Jannis und Dirk &#8211; im Hintergrund feiern die Jungs<\/figcaption><\/figure>\n<p>Am Dienstagabend\u00a0kam es zum Spitzenspiel zwischen dem TuS Eichholz-Remmighausen und dem bisher ungeschlagenen TuS\u00a0Horn-Bad Meinberg. Die Gr\u00fcn-Wei\u00dfen waren vom Beginn an pr\u00e4sent und wach.<!--more--> Sie standen in der Defensive sicher und konnte meist durch schnelle Ballgewinne umschalten. Genau nach einem solchen entstand die 1:0 F\u00fchrung f\u00fcr Eichholz. Das zweite Tor fiel umso kurioser, nach einer scheinbar verungl\u00fcckten Flanke landete der Ball auf der Latte und balancierte zum zweiten Pfosten. Dort trieb ihn der starke Wind auf die Torlinie, wo er durch Leonard reingespitzelt wurde. In der zweiten Halbzeit mussten die Gr\u00fcn-Wei\u00dfen viele Spielanteile der besseren Kondition der Horner b\u00fc\u00dfen. Deshalb passierte, was passieren musste, Horn-Bad Meinberg verk\u00fcrzte auf 2:1. Die TuS-Defensive blieb aber konzentriert und lie\u00df nur eine weitere klare Torchance zu, welche Keeper Marc klasse parierte. Der letzte H\u00f6hepunkt der Patie war ein berechtigter Foulelfmeter f\u00fcr die G\u00e4ste, der aber verschossen wurde, sodass auch die letzten Minuten mit F\u00fchrung \u00fcberstanden werden konnten. Nach Abpfiff gab es kein Halten mehr, die Jungs lie\u00dfen sich zu Recht von den vielen Zuschauern feiern. Nach allen 9 Spielen steht die D1-Jugend ungeschlagen mit 25 Punkten auf Tabellenplatz 1, klasse Leistung Jungs!<\/p>\n<p>(Bericht von Jannis Bredemeier \/ Foto: Jan Eskuchen)<\/p>\n<p><strong>Nachtr\u00e4gliches Fazit des Trainers Dirk Gr\u00f6ne:<\/strong>\u00a0 Unsere D-Jugend steigt somit zum zweiten Mal hintereinander in die A-Gruppe auf! Gratulation an die Jungs! Sicher hatten auch\u00a0einen gro\u00dfen Anteil daran die Betreuer &#8211; im letzten Jahr Jesse Bredemeier, aktuell Jannis Bredemeier. Der Name Bredemeier steht wohl f\u00fcr Erfolg! Sch\u00f6n w\u00e4re sicher ein Trainergespann Jesse und Jannis \ud83d\ude06 \u00a0&#8230;<\/p>\n","protected":false},"excerpt":{"rendered":"<p>Am Dienstagabend\u00a0kam es zum Spitzenspiel zwischen dem TuS Eichholz-Remmighausen und dem bisher ungeschlagenen TuS\u00a0Horn-Bad Meinberg. Die Gr\u00fcn-Wei\u00dfen waren vom Beginn<\/p>\n","protected":false},"author":46,"featured_media":0,"comment_status":"closed","ping_status":"closed","sticky":false,"template":"","format":"standard","meta":{"colormag_page_container_layout":"default_layout","colormag_page_sidebar_layout":"default_layout","_jetpack_memberships_contains_paid_content":false,"footnotes":"","jetpack_publicize_message":"","jetpack_publicize_feature_enabled":true,"jetpack_social_post_already_shared":false,"jetpack_social_options":{"image_generator_settings":{"template":"highway","default_image_id":0,"font":"","enabled":false},"version":2}},"categories":[157,158],"tags":[],"class_list":["post-8158","post","type-post","status-publish","format-standard","hentry","category-archiv","category-fb-jugend-aktuell"],"jetpack_publicize_connections":[],"jetpack_featured_media_url":"","jetpack_sharing_enabled":true,"_links":{"self":[{"href":"https:\/\/www.tuseichholzremmighausen.de\/wordpress\/wp-json\/wp\/v2\/posts\/8158","targetHints":{"allow":["GET"]}}],"collection":[{"href":"https:\/\/www.tuseichholzremmighausen.de\/wordpress\/wp-json\/wp\/v2\/posts"}],"about":[{"href":"https:\/\/www.tuseichholzremmighausen.de\/wordpress\/wp-json\/wp\/v2\/types\/post"}],"author":[{"embeddable":true,"href":"https:\/\/www.tuseichholzremmighausen.de\/wordpress\/wp-json\/wp\/v2\/users\/46"}],"replies":[{"embeddable":true,"href":"https:\/\/www.tuseichholzremmighausen.de\/wordpress\/wp-json\/wp\/v2\/comments?post=8158"}],"version-history":[{"count":0,"href":"https:\/\/www.tuseichholzremmighausen.de\/wordpress\/wp-json\/wp\/v2\/posts\/8158\/revisions"}],"wp:attachment":[{"href":"https:\/\/www.tuseichholzremmighausen.de\/wordpress\/wp-json\/wp\/v2\/media?parent=8158"}],"wp:term":[{"taxonomy":"category","embeddable":true,"href":"https:\/\/www.tuseichholzremmighausen.de\/wordpress\/wp-json\/wp\/v2\/categories?post=8158"},{"taxonomy":"post_tag","embeddable":true,"href":"https:\/\/www.tuseichholzremmighausen.de\/wordpress\/wp-json\/wp\/v2\/tags?post=8158"}],"curies":[{"name":"wp","href":"https:\/\/api.w.org\/{rel}","templated":true}]}}