{"id":8212,"date":"2015-12-20T13:33:59","date_gmt":"2015-12-20T12:33:59","guid":{"rendered":"http:\/\/www.tuseichholzremmighausen.de\/wordpress\/?p=8212"},"modified":"2020-09-11T20:34:27","modified_gmt":"2020-09-11T18:34:27","slug":"nachruf","status":"publish","type":"post","link":"https:\/\/www.tuseichholzremmighausen.de\/wordpress\/archives\/8212","title":{"rendered":"Nachruf"},"content":{"rendered":"<figure id=\"attachment_8213\" aria-describedby=\"caption-attachment-8213\" style=\"width: 300px\" class=\"wp-caption alignleft\"><a href=\"https:\/\/i0.wp.com\/www.tuseichholzremmighausen.de\/wordpress\/wp-content\/uploads\/2015\/12\/tus_werner_krehbiel.jpg?ssl=1\"><img data-recalc-dims=\"1\" loading=\"lazy\" decoding=\"async\" data-attachment-id=\"8213\" data-permalink=\"https:\/\/www.tuseichholzremmighausen.de\/wordpress\/archives\/8212\/tus_werner_krehbiel\" data-orig-file=\"https:\/\/i0.wp.com\/www.tuseichholzremmighausen.de\/wordpress\/wp-content\/uploads\/2015\/12\/tus_werner_krehbiel.jpg?fit=300%2C395&amp;ssl=1\" data-orig-size=\"300,395\" data-comments-opened=\"0\" data-image-meta=\"{&quot;aperture&quot;:&quot;0&quot;,&quot;credit&quot;:&quot;&quot;,&quot;camera&quot;:&quot;&quot;,&quot;caption&quot;:&quot;&quot;,&quot;created_timestamp&quot;:&quot;0&quot;,&quot;copyright&quot;:&quot;&quot;,&quot;focal_length&quot;:&quot;0&quot;,&quot;iso&quot;:&quot;0&quot;,&quot;shutter_speed&quot;:&quot;0&quot;,&quot;title&quot;:&quot;&quot;,&quot;orientation&quot;:&quot;0&quot;}\" data-image-title=\"tus_werner_krehbiel\" data-image-description=\"\" data-image-caption=\"\" data-large-file=\"https:\/\/i0.wp.com\/www.tuseichholzremmighausen.de\/wordpress\/wp-content\/uploads\/2015\/12\/tus_werner_krehbiel.jpg?fit=300%2C395&amp;ssl=1\" class=\"wp-image-8213 size-full\" src=\"https:\/\/i0.wp.com\/www.tuseichholzremmighausen.de\/wordpress\/wp-content\/uploads\/2015\/12\/tus_werner_krehbiel.jpg?resize=300%2C395&#038;ssl=1\" alt=\"tus_werner_krehbiel\" width=\"300\" height=\"395\" srcset=\"https:\/\/i0.wp.com\/www.tuseichholzremmighausen.de\/wordpress\/wp-content\/uploads\/2015\/12\/tus_werner_krehbiel.jpg?w=300&amp;ssl=1 300w, https:\/\/i0.wp.com\/www.tuseichholzremmighausen.de\/wordpress\/wp-content\/uploads\/2015\/12\/tus_werner_krehbiel.jpg?resize=228%2C300&amp;ssl=1 228w\" sizes=\"auto, (max-width: 300px) 100vw, 300px\" \/><\/a><figcaption id=\"caption-attachment-8213\" class=\"wp-caption-text\">Werner Krehbiel-Gr\u00e4ther<\/figcaption><\/figure>\n<p>Der TuS Eichholz-Remmighausen trauert um seinen langj\u00e4hrigen Vorsitzenden und Ehrenvorsitzenden <strong>Werner Krehbiel-Gr\u00e4ther<\/strong>.<\/p>\n<p>Im Jahre 1980 \u00fcbernahm Werner Krehbiel-Gr\u00e4ther die Geschicke des Vereins als 1. Vorsitzender und f\u00fchrte diesen in hervorragender Weise bis 1998. Anschlie\u00dfend wurde der Verstorbene zum Ehrenvorsitzenden ernannt. Bis zuletzt hat er mit Interesse die Entwicklung seines Sportvereins beobachtet.<\/p>\n<p>Seine besonderen St\u00e4rken lagen in seiner integrativen Art. Als herausragender Moderator sorgte Werner immer wieder f\u00fcr\u00a0 wegweisende Entscheidungen im TuS. Der Tod von Werner Krehbiel-Gr\u00e4ther rei\u00dft eine gro\u00dfe L\u00fccke im TuS, die nur schwer zu schlie\u00dfen sein wird. Seine guten Ratschl\u00e4ge werden wir vermissen. Unsere besondere Anteilnahme gilt seiner Ehefrau Inge.<\/p>\n<p>Detlef Wilberg<br \/>\nHans Gillich<br \/>\nUlrike Sch\u00e4fer<\/p>\n","protected":false},"excerpt":{"rendered":"<p>Der TuS Eichholz-Remmighausen trauert um seinen langj\u00e4hrigen Vorsitzenden und Ehrenvorsitzenden Werner Krehbiel-Gr\u00e4ther. Im Jahre 1980 \u00fcbernahm Werner Krehbiel-Gr\u00e4ther die Geschicke<\/p>\n","protected":false},"author":46,"featured_media":0,"comment_status":"closed","ping_status":"open","sticky":false,"template":"","format":"standard","meta":{"colormag_page_container_layout":"default_layout","colormag_page_sidebar_layout":"default_layout","_jetpack_memberships_contains_paid_content":false,"footnotes":"","jetpack_publicize_message":"Nachruf","jetpack_publicize_feature_enabled":true,"jetpack_social_post_already_shared":true,"jetpack_social_options":{"image_generator_settings":{"template":"highway","default_image_id":0,"font":"","enabled":false},"version":2}},"categories":[157],"tags":[],"class_list":["post-8212","post","type-post","status-publish","format-standard","hentry","category-archiv"],"jetpack_publicize_connections":[],"jetpack_featured_media_url":"","jetpack_sharing_enabled":true,"_links":{"self":[{"href":"https:\/\/www.tuseichholzremmighausen.de\/wordpress\/wp-json\/wp\/v2\/posts\/8212","targetHints":{"allow":["GET"]}}],"collection":[{"href":"https:\/\/www.tuseichholzremmighausen.de\/wordpress\/wp-json\/wp\/v2\/posts"}],"about":[{"href":"https:\/\/www.tuseichholzremmighausen.de\/wordpress\/wp-json\/wp\/v2\/types\/post"}],"author":[{"embeddable":true,"href":"https:\/\/www.tuseichholzremmighausen.de\/wordpress\/wp-json\/wp\/v2\/users\/46"}],"replies":[{"embeddable":true,"href":"https:\/\/www.tuseichholzremmighausen.de\/wordpress\/wp-json\/wp\/v2\/comments?post=8212"}],"version-history":[{"count":0,"href":"https:\/\/www.tuseichholzremmighausen.de\/wordpress\/wp-json\/wp\/v2\/posts\/8212\/revisions"}],"wp:attachment":[{"href":"https:\/\/www.tuseichholzremmighausen.de\/wordpress\/wp-json\/wp\/v2\/media?parent=8212"}],"wp:term":[{"taxonomy":"category","embeddable":true,"href":"https:\/\/www.tuseichholzremmighausen.de\/wordpress\/wp-json\/wp\/v2\/categories?post=8212"},{"taxonomy":"post_tag","embeddable":true,"href":"https:\/\/www.tuseichholzremmighausen.de\/wordpress\/wp-json\/wp\/v2\/tags?post=8212"}],"curies":[{"name":"wp","href":"https:\/\/api.w.org\/{rel}","templated":true}]}}