{"id":8473,"date":"2016-01-22T23:42:50","date_gmt":"2016-01-22T22:42:50","guid":{"rendered":"http:\/\/www.tuseichholzremmighausen.de\/wordpress\/?p=8473"},"modified":"2020-09-11T20:34:27","modified_gmt":"2020-09-11T18:34:27","slug":"eine-starke-gemeinschaft-mitgliederzahl-um-fast-10-gestiegen-neuer-2-vorsitzender-peter-breyer","status":"publish","type":"post","link":"https:\/\/www.tuseichholzremmighausen.de\/wordpress\/archives\/8473","title":{"rendered":"Eine starke Gemeinschaft! Mitgliederzahl um fast 10% gestiegen; neuer 2. Vorsitzender Peter Breyer"},"content":{"rendered":"<p><strong>Zur diesj\u00e4hrigen Jahreshauptversammlung lud der TuS Eichholz-Remmighausen am 22. Januar 2016 ins Remikenhus ein.<\/strong><\/p>\n<figure id=\"attachment_8474\" aria-describedby=\"caption-attachment-8474\" style=\"width: 1200px\" class=\"wp-caption alignnone\"><a href=\"https:\/\/i0.wp.com\/www.tuseichholzremmighausen.de\/wordpress\/wp-content\/uploads\/2016\/01\/TuS-JHV_160122_02.jpg?ssl=1\"><img data-recalc-dims=\"1\" loading=\"lazy\" decoding=\"async\" data-attachment-id=\"8474\" data-permalink=\"https:\/\/www.tuseichholzremmighausen.de\/wordpress\/archives\/8473\/tus-jhv_160122_02\" data-orig-file=\"https:\/\/i0.wp.com\/www.tuseichholzremmighausen.de\/wordpress\/wp-content\/uploads\/2016\/01\/TuS-JHV_160122_02.jpg?fit=1200%2C800&amp;ssl=1\" data-orig-size=\"1200,800\" data-comments-opened=\"0\" data-image-meta=\"{&quot;aperture&quot;:&quot;5&quot;,&quot;credit&quot;:&quot;Rolf Gehrke&quot;,&quot;camera&quot;:&quot;Canon EOS 70D&quot;,&quot;caption&quot;:&quot;&quot;,&quot;created_timestamp&quot;:&quot;1453492694&quot;,&quot;copyright&quot;:&quot;Rolf Gehrke 2016&quot;,&quot;focal_length&quot;:&quot;13&quot;,&quot;iso&quot;:&quot;1600&quot;,&quot;shutter_speed&quot;:&quot;0.016666666666667&quot;,&quot;title&quot;:&quot;&quot;,&quot;orientation&quot;:&quot;1&quot;}\" data-image-title=\"TuS-JHV_160122_02\" data-image-description=\"\" data-image-caption=\"&lt;p&gt;Danke Hans! Ausscheidender 2. Vorsitzender mit Detlef und seinem Nachfolger Peter&lt;\/p&gt;\n\" data-large-file=\"https:\/\/i0.wp.com\/www.tuseichholzremmighausen.de\/wordpress\/wp-content\/uploads\/2016\/01\/TuS-JHV_160122_02.jpg?fit=800%2C534&amp;ssl=1\" class=\"size-full wp-image-8474\" src=\"https:\/\/i0.wp.com\/www.tuseichholzremmighausen.de\/wordpress\/wp-content\/uploads\/2016\/01\/TuS-JHV_160122_02.jpg?resize=800%2C533&#038;ssl=1\" alt=\"Danke Hans! Ausscheidender 2. Vorsitzender mit Detlef und seinem Nachfolger Peter\" width=\"800\" height=\"533\" srcset=\"https:\/\/i0.wp.com\/www.tuseichholzremmighausen.de\/wordpress\/wp-content\/uploads\/2016\/01\/TuS-JHV_160122_02.jpg?w=1200&amp;ssl=1 1200w, https:\/\/i0.wp.com\/www.tuseichholzremmighausen.de\/wordpress\/wp-content\/uploads\/2016\/01\/TuS-JHV_160122_02.jpg?resize=600%2C400&amp;ssl=1 600w, https:\/\/i0.wp.com\/www.tuseichholzremmighausen.de\/wordpress\/wp-content\/uploads\/2016\/01\/TuS-JHV_160122_02.jpg?resize=300%2C200&amp;ssl=1 300w, https:\/\/i0.wp.com\/www.tuseichholzremmighausen.de\/wordpress\/wp-content\/uploads\/2016\/01\/TuS-JHV_160122_02.jpg?resize=1024%2C683&amp;ssl=1 1024w\" sizes=\"auto, (max-width: 800px) 100vw, 800px\" \/><\/a><figcaption id=\"caption-attachment-8474\" class=\"wp-caption-text\">Danke Hans! Ausscheidender 2. Vorsitzender mit Detlef und seinem Nachfolger Peter<\/figcaption><\/figure>\n<p>Zahlreiche Mitglieder, Freunde und F\u00f6rderer des TuS folgten der Einladung und konnten durch den 1. Vorsitzenden Detlef Wilberg begr\u00fc\u00dft werden. <strong>Die Treue zum TuS wurde in \u00fcber 20\u00a0Urkunden f\u00fcr langj\u00e4hrige Mitgliedschaften geehrt.<\/strong> Unter Anderem wurden mit Reinhard Spieker, Hans Gillich, G\u00fcnter Kleinschmidt (alle <strong>65 Jahre<\/strong> im TuS); Sieghard Wieneke (<strong>60<\/strong> Jahre), sowie Irmtraud Hollmann, Hans-Dieter Koch, Volker Richts und Leonhard Hansmann (je <strong>50 Jahre<\/strong>) 8 verdiente Mitglieder f\u00fcr mehr als ein halbes Jahrhundert Vereinstreue ausgezeichnet.<\/p>\n<figure id=\"attachment_8477\" aria-describedby=\"caption-attachment-8477\" style=\"width: 1200px\" class=\"wp-caption alignnone\"><a href=\"https:\/\/i0.wp.com\/www.tuseichholzremmighausen.de\/wordpress\/wp-content\/uploads\/2016\/01\/TuS-JHV_160122_05.jpg?ssl=1\"><img data-recalc-dims=\"1\" loading=\"lazy\" decoding=\"async\" data-attachment-id=\"8477\" data-permalink=\"https:\/\/www.tuseichholzremmighausen.de\/wordpress\/archives\/8473\/tus-jhv_160122_05\" data-orig-file=\"https:\/\/i0.wp.com\/www.tuseichholzremmighausen.de\/wordpress\/wp-content\/uploads\/2016\/01\/TuS-JHV_160122_05.jpg?fit=1200%2C800&amp;ssl=1\" data-orig-size=\"1200,800\" data-comments-opened=\"0\" data-image-meta=\"{&quot;aperture&quot;:&quot;5&quot;,&quot;credit&quot;:&quot;Rolf Gehrke&quot;,&quot;camera&quot;:&quot;Canon EOS 70D&quot;,&quot;caption&quot;:&quot;&quot;,&quot;created_timestamp&quot;:&quot;1453492777&quot;,&quot;copyright&quot;:&quot;Rolf Gehrke 2016&quot;,&quot;focal_length&quot;:&quot;12&quot;,&quot;iso&quot;:&quot;1600&quot;,&quot;shutter_speed&quot;:&quot;0.016666666666667&quot;,&quot;title&quot;:&quot;&quot;,&quot;orientation&quot;:&quot;1&quot;}\" data-image-title=\"TuS-JHV_160122_05\" data-image-description=\"\" data-image-caption=\"&lt;p&gt;Sieghard Wieneke erh\u00e4lt die Urkunde f\u00fcr die Ehrenmitgliedschaft&lt;\/p&gt;\n\" data-large-file=\"https:\/\/i0.wp.com\/www.tuseichholzremmighausen.de\/wordpress\/wp-content\/uploads\/2016\/01\/TuS-JHV_160122_05.jpg?fit=800%2C534&amp;ssl=1\" class=\"size-full wp-image-8477\" src=\"https:\/\/i0.wp.com\/www.tuseichholzremmighausen.de\/wordpress\/wp-content\/uploads\/2016\/01\/TuS-JHV_160122_05.jpg?resize=800%2C533&#038;ssl=1\" alt=\"Sieghard Wieneke erh\u00e4lt die Urkunde f\u00fcr die Ehrenmitgliedschaft\" width=\"800\" height=\"533\" srcset=\"https:\/\/i0.wp.com\/www.tuseichholzremmighausen.de\/wordpress\/wp-content\/uploads\/2016\/01\/TuS-JHV_160122_05.jpg?w=1200&amp;ssl=1 1200w, https:\/\/i0.wp.com\/www.tuseichholzremmighausen.de\/wordpress\/wp-content\/uploads\/2016\/01\/TuS-JHV_160122_05.jpg?resize=600%2C400&amp;ssl=1 600w, https:\/\/i0.wp.com\/www.tuseichholzremmighausen.de\/wordpress\/wp-content\/uploads\/2016\/01\/TuS-JHV_160122_05.jpg?resize=300%2C200&amp;ssl=1 300w, https:\/\/i0.wp.com\/www.tuseichholzremmighausen.de\/wordpress\/wp-content\/uploads\/2016\/01\/TuS-JHV_160122_05.jpg?resize=1024%2C683&amp;ssl=1 1024w\" sizes=\"auto, (max-width: 800px) 100vw, 800px\" \/><\/a><figcaption id=\"caption-attachment-8477\" class=\"wp-caption-text\">Sieghard Wieneke erh\u00e4lt die Urkunde f\u00fcr die Ehrenmitgliedschaft<\/figcaption><\/figure>\n<p><!--more-->F\u00fcr <strong>40-j\u00e4hrige<\/strong> Vereinszugeh\u00f6rigkeit wurden geehrt: Ulrike Eimterb\u00e4umer, Thomas B\u00fcker, Alfred Burkert und Ansgar Opdenh\u00f6vel. <strong>20 Jahre<\/strong> im Verein sind: Philipp Lukas, Klaus Stapela, Katrin Stodenberg, Claudia Pils, Jan-Philip Pils, Leon-Dominic Pils, Franziska Oeser, Frank Burmeister und Sebastian K\u00fcster.<\/p>\n<figure id=\"attachment_8478\" aria-describedby=\"caption-attachment-8478\" style=\"width: 1200px\" class=\"wp-caption alignnone\"><a href=\"https:\/\/i0.wp.com\/www.tuseichholzremmighausen.de\/wordpress\/wp-content\/uploads\/2016\/01\/TuS-JHV_160122_01.jpg?ssl=1\"><img data-recalc-dims=\"1\" loading=\"lazy\" decoding=\"async\" data-attachment-id=\"8478\" data-permalink=\"https:\/\/www.tuseichholzremmighausen.de\/wordpress\/archives\/8473\/tus-jhv_160122_01\" data-orig-file=\"https:\/\/i0.wp.com\/www.tuseichholzremmighausen.de\/wordpress\/wp-content\/uploads\/2016\/01\/TuS-JHV_160122_01.jpg?fit=1200%2C800&amp;ssl=1\" data-orig-size=\"1200,800\" data-comments-opened=\"0\" data-image-meta=\"{&quot;aperture&quot;:&quot;5&quot;,&quot;credit&quot;:&quot;Rolf Gehrke&quot;,&quot;camera&quot;:&quot;Canon EOS 70D&quot;,&quot;caption&quot;:&quot;&quot;,&quot;created_timestamp&quot;:&quot;1453492868&quot;,&quot;copyright&quot;:&quot;Rolf Gehrke 2016&quot;,&quot;focal_length&quot;:&quot;12&quot;,&quot;iso&quot;:&quot;1250&quot;,&quot;shutter_speed&quot;:&quot;0.016666666666667&quot;,&quot;title&quot;:&quot;&quot;,&quot;orientation&quot;:&quot;1&quot;}\" data-image-title=\"TuS-JHV_160122_01\" data-image-description=\"\" data-image-caption=\"&lt;p&gt;Sportler f\u00fcr langj\u00e4hrige Mitgliedschaft ausgezeichnet&lt;\/p&gt;\n\" data-large-file=\"https:\/\/i0.wp.com\/www.tuseichholzremmighausen.de\/wordpress\/wp-content\/uploads\/2016\/01\/TuS-JHV_160122_01.jpg?fit=800%2C534&amp;ssl=1\" class=\"size-full wp-image-8478\" src=\"https:\/\/i0.wp.com\/www.tuseichholzremmighausen.de\/wordpress\/wp-content\/uploads\/2016\/01\/TuS-JHV_160122_01.jpg?resize=800%2C533&#038;ssl=1\" alt=\"Sportler f\u00fcr langj\u00e4hrige Mitgliedschaft ausgezeichnet\" width=\"800\" height=\"533\" srcset=\"https:\/\/i0.wp.com\/www.tuseichholzremmighausen.de\/wordpress\/wp-content\/uploads\/2016\/01\/TuS-JHV_160122_01.jpg?w=1200&amp;ssl=1 1200w, https:\/\/i0.wp.com\/www.tuseichholzremmighausen.de\/wordpress\/wp-content\/uploads\/2016\/01\/TuS-JHV_160122_01.jpg?resize=600%2C400&amp;ssl=1 600w, https:\/\/i0.wp.com\/www.tuseichholzremmighausen.de\/wordpress\/wp-content\/uploads\/2016\/01\/TuS-JHV_160122_01.jpg?resize=300%2C200&amp;ssl=1 300w, https:\/\/i0.wp.com\/www.tuseichholzremmighausen.de\/wordpress\/wp-content\/uploads\/2016\/01\/TuS-JHV_160122_01.jpg?resize=1024%2C683&amp;ssl=1 1024w\" sizes=\"auto, (max-width: 800px) 100vw, 800px\" \/><\/a><figcaption id=\"caption-attachment-8478\" class=\"wp-caption-text\">Sportler f\u00fcr langj\u00e4hrige Mitgliedschaft ausgezeichnet<\/figcaption><\/figure>\n<p>Respektvoll erinnerte der 1. Vorsitzende an die im Jahr 2015 verstorbenen Vereinsmitglieder, stellvertretend an dieser Stelle den Ehrenvorsitzenden Werner Krebiehl-Gr\u00e4ther.<\/p>\n<p>Die sportlichen H\u00f6hepunkte des vergangenen Jahres konnten in den Abteilungsberichten herausgestellt werden.<\/p>\n<p><strong>In jeder Sparte des Vereins konnten im Jahr 2015 hervorragende Ergebnisse erzielt werden<\/strong>. So haben sich die Fu\u00dfballer und \u2013innen unter anderem mit dem Aufstieg der B-Juniorinnen in die Bezirksliga, dem wiederholten Gewinn des Kreispokals und der Teilnahme am Westfalenpokal sogar auf Bezirks- und Verbandsebene einen Namen machen k\u00f6nnen.<\/p>\n<figure id=\"attachment_8475\" aria-describedby=\"caption-attachment-8475\" style=\"width: 1200px\" class=\"wp-caption alignnone\"><a href=\"https:\/\/i0.wp.com\/www.tuseichholzremmighausen.de\/wordpress\/wp-content\/uploads\/2016\/01\/TuS-JHV_160122_03.jpg?ssl=1\"><img data-recalc-dims=\"1\" loading=\"lazy\" decoding=\"async\" data-attachment-id=\"8475\" data-permalink=\"https:\/\/www.tuseichholzremmighausen.de\/wordpress\/archives\/8473\/tus-jhv_160122_03\" data-orig-file=\"https:\/\/i0.wp.com\/www.tuseichholzremmighausen.de\/wordpress\/wp-content\/uploads\/2016\/01\/TuS-JHV_160122_03.jpg?fit=1200%2C800&amp;ssl=1\" data-orig-size=\"1200,800\" data-comments-opened=\"0\" data-image-meta=\"{&quot;aperture&quot;:&quot;8&quot;,&quot;credit&quot;:&quot;Rolf Gehrke&quot;,&quot;camera&quot;:&quot;Canon EOS 70D&quot;,&quot;caption&quot;:&quot;&quot;,&quot;created_timestamp&quot;:&quot;1453491434&quot;,&quot;copyright&quot;:&quot;Rolf Gehrke 2016&quot;,&quot;focal_length&quot;:&quot;18&quot;,&quot;iso&quot;:&quot;1000&quot;,&quot;shutter_speed&quot;:&quot;0.066666666666667&quot;,&quot;title&quot;:&quot;&quot;,&quot;orientation&quot;:&quot;1&quot;}\" data-image-title=\"TuS-JHV_160122_03\" data-image-description=\"\" data-image-caption=\"&lt;p&gt;Dirk berichtet f\u00fcr die Fu\u00dfballabteilung&lt;\/p&gt;\n\" data-large-file=\"https:\/\/i0.wp.com\/www.tuseichholzremmighausen.de\/wordpress\/wp-content\/uploads\/2016\/01\/TuS-JHV_160122_03.jpg?fit=800%2C534&amp;ssl=1\" class=\"size-full wp-image-8475\" src=\"https:\/\/i0.wp.com\/www.tuseichholzremmighausen.de\/wordpress\/wp-content\/uploads\/2016\/01\/TuS-JHV_160122_03.jpg?resize=800%2C533&#038;ssl=1\" alt=\"Dirk berichtet f\u00fcr die Fu\u00dfballabteilung\" width=\"800\" height=\"533\" srcset=\"https:\/\/i0.wp.com\/www.tuseichholzremmighausen.de\/wordpress\/wp-content\/uploads\/2016\/01\/TuS-JHV_160122_03.jpg?w=1200&amp;ssl=1 1200w, https:\/\/i0.wp.com\/www.tuseichholzremmighausen.de\/wordpress\/wp-content\/uploads\/2016\/01\/TuS-JHV_160122_03.jpg?resize=600%2C400&amp;ssl=1 600w, https:\/\/i0.wp.com\/www.tuseichholzremmighausen.de\/wordpress\/wp-content\/uploads\/2016\/01\/TuS-JHV_160122_03.jpg?resize=300%2C200&amp;ssl=1 300w, https:\/\/i0.wp.com\/www.tuseichholzremmighausen.de\/wordpress\/wp-content\/uploads\/2016\/01\/TuS-JHV_160122_03.jpg?resize=1024%2C683&amp;ssl=1 1024w\" sizes=\"auto, (max-width: 800px) 100vw, 800px\" \/><\/a><figcaption id=\"caption-attachment-8475\" class=\"wp-caption-text\">Dirk berichtet f\u00fcr die Fu\u00dfballabteilung<\/figcaption><\/figure>\n<p>Die vorbildliche Entwicklung zeigt sich im gesamten M\u00e4dchenfu\u00dfball: mittlerweile nimmt der TuS mit B-, C- und D-Juniorinnen an Spielen und Turnieren im Kreis (Detmold\/Paderborn) teil. Gute Tendenzen lassen sich auch bei den Jungen-Mannschaften aufzeigen. Sowohl in Punkto Tabellenpl\u00e4tze, Platzierungen in den Pokalwettbewerben, als auch bez\u00fcglich der Kadergr\u00f6\u00dfen haben die Teams der verschiedensten Altersgruppen einen gro\u00dfen Schritt nach vorne getan. Die Herren-Mannschaften blicken auf ein turbulentes Jahr zur\u00fcck. Nach dem erfolgreichen Klassenerhalt in der Vorsaison verlie\u00dfen leider mehrere Spieler den Verein. Trainer Ertner stellte anfangs der aktuellen Saison seinen Posten ebenfalls zur Verf\u00fcgung. Ihn beerbte John Mathews, der mit seinem Betreuerteam akribisch an Mannschaft und Team arbeitet. Mit der Zielsetzung, einen Platz in den Top 5 der Kreisliga B zu erreichen geht\u2019s nach der Winterpause in die R\u00fcckrunde. Das Minimalziel ist aber weiterhin das Erreichen der im kommenden Jahr eingleisigen B-Liga. Die Zweite in der C-Liga hat an Personal dazugewonnen, so dass die Mannschaft gehalten werden kann. Im Mittelfeld der Frauen-Kreisliga kann sich Trainer Thomas Labus mit seinem Team ganz auf die Neuausrichtung konzentrieren. Dabei gilt es, gerade die dazu sto\u00dfenden jungen Spielerinnen zu integrieren. Weiterhin wird der TuS aber auch auf Spielerinnen bauen, die mit der Erfahrung einiger Jahrzehnte Frauenfu\u00dfball aufwarten k\u00f6nnen.<\/p>\n<p>Die erfolgreiche Arbeit der Gruppen der TuL-Abteilung zeigt sich nicht nur in den aktuellen sportlichen Ergebnissen.<\/p>\n<figure id=\"attachment_8476\" aria-describedby=\"caption-attachment-8476\" style=\"width: 1200px\" class=\"wp-caption alignnone\"><a href=\"https:\/\/i0.wp.com\/www.tuseichholzremmighausen.de\/wordpress\/wp-content\/uploads\/2016\/01\/TuS-JHV_160122_04.jpg?ssl=1\"><img data-recalc-dims=\"1\" loading=\"lazy\" decoding=\"async\" data-attachment-id=\"8476\" data-permalink=\"https:\/\/www.tuseichholzremmighausen.de\/wordpress\/archives\/8473\/tus-jhv_160122_04\" data-orig-file=\"https:\/\/i0.wp.com\/www.tuseichholzremmighausen.de\/wordpress\/wp-content\/uploads\/2016\/01\/TuS-JHV_160122_04.jpg?fit=1200%2C800&amp;ssl=1\" data-orig-size=\"1200,800\" data-comments-opened=\"0\" data-image-meta=\"{&quot;aperture&quot;:&quot;2.8&quot;,&quot;credit&quot;:&quot;Rolf Gehrke&quot;,&quot;camera&quot;:&quot;Canon EOS 70D&quot;,&quot;caption&quot;:&quot;&quot;,&quot;created_timestamp&quot;:&quot;1453493278&quot;,&quot;copyright&quot;:&quot;Rolf Gehrke 2016&quot;,&quot;focal_length&quot;:&quot;28&quot;,&quot;iso&quot;:&quot;1000&quot;,&quot;shutter_speed&quot;:&quot;0.016666666666667&quot;,&quot;title&quot;:&quot;&quot;,&quot;orientation&quot;:&quot;1&quot;}\" data-image-title=\"TuS-JHV_160122_04\" data-image-description=\"\" data-image-caption=\"&lt;p&gt;Annette referiert f\u00fcr die TuL-Abteilung&lt;\/p&gt;\n\" data-large-file=\"https:\/\/i0.wp.com\/www.tuseichholzremmighausen.de\/wordpress\/wp-content\/uploads\/2016\/01\/TuS-JHV_160122_04.jpg?fit=800%2C534&amp;ssl=1\" class=\"size-full wp-image-8476\" src=\"https:\/\/i0.wp.com\/www.tuseichholzremmighausen.de\/wordpress\/wp-content\/uploads\/2016\/01\/TuS-JHV_160122_04.jpg?resize=800%2C533&#038;ssl=1\" alt=\"Annette referiert f\u00fcr die TuL-Abteilung\" width=\"800\" height=\"533\" srcset=\"https:\/\/i0.wp.com\/www.tuseichholzremmighausen.de\/wordpress\/wp-content\/uploads\/2016\/01\/TuS-JHV_160122_04.jpg?w=1200&amp;ssl=1 1200w, https:\/\/i0.wp.com\/www.tuseichholzremmighausen.de\/wordpress\/wp-content\/uploads\/2016\/01\/TuS-JHV_160122_04.jpg?resize=600%2C400&amp;ssl=1 600w, https:\/\/i0.wp.com\/www.tuseichholzremmighausen.de\/wordpress\/wp-content\/uploads\/2016\/01\/TuS-JHV_160122_04.jpg?resize=300%2C200&amp;ssl=1 300w, https:\/\/i0.wp.com\/www.tuseichholzremmighausen.de\/wordpress\/wp-content\/uploads\/2016\/01\/TuS-JHV_160122_04.jpg?resize=1024%2C683&amp;ssl=1 1024w\" sizes=\"auto, (max-width: 800px) 100vw, 800px\" \/><\/a><figcaption id=\"caption-attachment-8476\" class=\"wp-caption-text\">Annette referiert f\u00fcr die TuL-Abteilung<\/figcaption><\/figure>\n<p><strong>Herzliche Gratulation an dieser Stelle geht an Mareen Schwartmann, die im Oktober 2015 ihre Pr\u00fcfung zur Bundeskampfrichterin in Berlin bestanden hat!<\/strong> Lippische Meistertitel gab es f\u00fcr die Mariposa\u00b4s (Jugend) und Puzzle\u00b4s (Kinderklasse S). Estrellas (Vizemeister Jugend) und Diamonds (Platz 3 Jugend) rundeten das erfolgreiche Bild beim Lippe Dance-Cup in Schlangen ab. Beim Landesturnfest in Siegen folgten weitere Top-Platzierungen: Estrellas (5.) Diamonds (8.), Mariposa\u00b4s (4.), und Puzzle\u00b4s (4.). Dar\u00fcber hinaus wurde der TuS Eichholz-Remmighausen in der \u201eSiegener Tageszeitung\u201c als \u201eein kleiner Verein\u201c mit einer der st\u00e4rksten Teilnehmerzahl von 59 erw\u00e4hnt. Neben den \u00fcber die Kreisgrenzen hinaus bekannten Tanzgruppen erfahren auch das Einradfahren, die Kinder-Leichtathletik, das Kinderturnen immer gr\u00f6\u00dfere Beliebtheit. Seit November 2015 wird neu im TuS angeboten: Basketball f\u00fcr Kinder (9-14 Jahre).\u00a0 Die Schachfreunde kommen beim TuS ebenfalls auf ihre Kosten.<\/p>\n<p>Die Schachabteilung machte im Jahr 2015 mit der Bezirksmeisterschaft und dem <strong>Aufstieg in die Verbandsklasse OWL<\/strong> auf sich aufmerksam. In zwei Herrenmannschaften (Verbandsklasse und Kreisliga) gehen \u00fcber 30 Schachspieler f\u00fcr den TuS an die Bretter. Neben den etablierten Osterblitz und Weihnachtsblitz richtete der TuS die lippischen Jugendmeisterschaften 2015, sowie weitere Schachseminare aus. Das Angebot der Schachjugend, Sch\u00fcler und Jugendliche an den Schachsport heranzuf\u00fchren, wird gut angenommen.<\/p>\n<p>Beim aktuellen Thema Fl\u00fcchtlinge in Deutschland zeigt der TuS seine soziale und gesellschaftliche Stellung. Mit seiner starken Gemeinschaft werden die neuen Herausforderungen im TuS offen angenommen. Nahezu in allen Abteilungen konnten bereits Fl\u00fcchtlinge erfolgreich integriert werden. Unter anderem sind bereits Spielberechtigungen f\u00fcr Fu\u00dfballer beantragt worden. Ferner nehmen in der Leichtathletikgruppe von Christine Brand einige syrische Kinder aktiv teil.<\/p>\n<p>In einem neuen Outfit pr\u00e4sentiert sich die TuS-Homepage, seit Mitte Januar 2016. Das \u201eResponsive Webdesign\u201c erm\u00f6glicht eine optimierte Bedienung per Smartphone und Tablet. Zus\u00e4tzlich betreibt der TuS seit Ende des vergangenen Jahres eine eigene Facebook-Seite, die die Au\u00dfendarstellung des Vereins weiter f\u00f6rdert.<\/p>\n<p>Gem\u00e4\u00df Bericht des 1. Vorsitzenden gibt es aber auch noch \u201eBaustellen\u201c, die weiterhin beobachtet werden m\u00fcssen, unter Anderem:<\/p>\n<ul>\n<li>Die durchgef\u00fchrte Werre-Renaturierung erfordert weitere Ma\u00dfnahmen (eingearbeitete Trittsteine liegen 20 cm unter der Wasseroberfl\u00e4che).<\/li>\n<li>Der Kunstrasenplatz erfordert einige Ausbesserungsarbeiten, die in 2015 zwar zugesagt und sogar bereits terminiert waren, aber leider nicht ausgef\u00fchrt worden sind.<\/li>\n<li>Die bekannten Probleme in den Turnhallen, die bereits in den vergangenen Jahren f\u00fcr Diskussions-\/ Handlungsbedarf gesorgt haben.<\/li>\n<\/ul>\n<p>Zu den Wahlen \u2013 Gesch\u00e4ftsf\u00fchrender Vorstand: 1. Vorsitzender Detlef Wilberg im Amt best\u00e4tigt. Peter Breyer neuer 2. Vorsitzender, nachdem Hans Gillich nach jahrelanger T\u00e4tigkeit nicht mehr zur Wahl zur Verf\u00fcgung stand. Kassenwartin Ulrike Schaefer.\u00a0 Insgesamt darf der TuS sicher optimistisch in die Zukunft blicken. Dieses belegen auch die stark angestiegenen Mitgliederzahlen sehr deutlich. Entgegen dem allgemeinen Trend in Sportvereinen hat der TuS in 2015 einen <strong>Anstieg der Mitgliederzahl von fast 10%<\/strong> zu verzeichnen.<\/p>\n<p><strong>Der TuS Eichholz-Remmighausen &#8211; eine starke Gemeinschaft auf gutem Weg!<\/strong><\/p>\n","protected":false},"excerpt":{"rendered":"<p>Die Treue zum TuS wurde in \u00fcber 20 Urkunden f\u00fcr langj\u00e4hrige Mitgliedschaften geehrt. Unter Anderem wurden mit Reinhard Spieker, Hans Gillich, G\u00fcnter Kleinschmidt (alle 65 Jahre im TuS); <\/p>\n","protected":false},"author":16,"featured_media":8474,"comment_status":"closed","ping_status":"open","sticky":false,"template":"","format":"standard","meta":{"colormag_page_container_layout":"default_layout","colormag_page_sidebar_layout":"default_layout","_jetpack_memberships_contains_paid_content":false,"footnotes":"","jetpack_publicize_message":"TuS - eine starke Gemeinschaft! Mitgliederzahl um fast 10% gestiegen; neuer 2. Vorsitzender Peter Breyer","jetpack_publicize_feature_enabled":true,"jetpack_social_post_already_shared":true,"jetpack_social_options":{"image_generator_settings":{"template":"highway","default_image_id":0,"font":"","enabled":false},"version":2}},"categories":[157],"tags":[],"class_list":["post-8473","post","type-post","status-publish","format-standard","has-post-thumbnail","hentry","category-archiv"],"jetpack_publicize_connections":[],"jetpack_featured_media_url":"https:\/\/i0.wp.com\/www.tuseichholzremmighausen.de\/wordpress\/wp-content\/uploads\/2016\/01\/TuS-JHV_160122_02.jpg?fit=1200%2C800&ssl=1","jetpack_sharing_enabled":true,"_links":{"self":[{"href":"https:\/\/www.tuseichholzremmighausen.de\/wordpress\/wp-json\/wp\/v2\/posts\/8473","targetHints":{"allow":["GET"]}}],"collection":[{"href":"https:\/\/www.tuseichholzremmighausen.de\/wordpress\/wp-json\/wp\/v2\/posts"}],"about":[{"href":"https:\/\/www.tuseichholzremmighausen.de\/wordpress\/wp-json\/wp\/v2\/types\/post"}],"author":[{"embeddable":true,"href":"https:\/\/www.tuseichholzremmighausen.de\/wordpress\/wp-json\/wp\/v2\/users\/16"}],"replies":[{"embeddable":true,"href":"https:\/\/www.tuseichholzremmighausen.de\/wordpress\/wp-json\/wp\/v2\/comments?post=8473"}],"version-history":[{"count":0,"href":"https:\/\/www.tuseichholzremmighausen.de\/wordpress\/wp-json\/wp\/v2\/posts\/8473\/revisions"}],"wp:featuredmedia":[{"embeddable":true,"href":"https:\/\/www.tuseichholzremmighausen.de\/wordpress\/wp-json\/wp\/v2\/media\/8474"}],"wp:attachment":[{"href":"https:\/\/www.tuseichholzremmighausen.de\/wordpress\/wp-json\/wp\/v2\/media?parent=8473"}],"wp:term":[{"taxonomy":"category","embeddable":true,"href":"https:\/\/www.tuseichholzremmighausen.de\/wordpress\/wp-json\/wp\/v2\/categories?post=8473"},{"taxonomy":"post_tag","embeddable":true,"href":"https:\/\/www.tuseichholzremmighausen.de\/wordpress\/wp-json\/wp\/v2\/tags?post=8473"}],"curies":[{"name":"wp","href":"https:\/\/api.w.org\/{rel}","templated":true}]}}