{"id":8519,"date":"2016-02-07T12:02:47","date_gmt":"2016-02-07T12:02:47","guid":{"rendered":"http:\/\/www.tuseichholzremmighausen.de\/wordpress\/?p=8519"},"modified":"2020-09-11T20:34:27","modified_gmt":"2020-09-11T18:34:27","slug":"joerg-joestingmeier-ab-sommer-nachfolger-von-john-mathews","status":"publish","type":"post","link":"https:\/\/www.tuseichholzremmighausen.de\/wordpress\/archives\/8519","title":{"rendered":"J\u00f6rg J\u00f6stingmeier ab Sommer Nachfolger von John Mathews"},"content":{"rendered":"<p>Zur neuen Saison 2016\/2017 \u00fcbernimmt <strong>J\u00f6rg J\u00f6stingmeier<\/strong> das Traineramt im TuS.<\/p>\n<figure id=\"attachment_8520\" aria-describedby=\"caption-attachment-8520\" style=\"width: 1200px\" class=\"wp-caption alignnone\"><img data-recalc-dims=\"1\" loading=\"lazy\" decoding=\"async\" data-attachment-id=\"8520\" data-permalink=\"https:\/\/www.tuseichholzremmighausen.de\/wordpress\/archives\/8519\/fb_erste_160207_01\" data-orig-file=\"https:\/\/i0.wp.com\/www.tuseichholzremmighausen.de\/wordpress\/wp-content\/uploads\/2016\/02\/fb_erste_160207_01.jpg?fit=1200%2C800&amp;ssl=1\" data-orig-size=\"1200,800\" data-comments-opened=\"0\" data-image-meta=\"{&quot;aperture&quot;:&quot;4&quot;,&quot;credit&quot;:&quot;Rolf Gehrke&quot;,&quot;camera&quot;:&quot;Canon EOS 70D&quot;,&quot;caption&quot;:&quot;&quot;,&quot;created_timestamp&quot;:&quot;1454843456&quot;,&quot;copyright&quot;:&quot;Rolf Gehrke 2016&quot;,&quot;focal_length&quot;:&quot;24&quot;,&quot;iso&quot;:&quot;100&quot;,&quot;shutter_speed&quot;:&quot;0.02&quot;,&quot;title&quot;:&quot;&quot;,&quot;orientation&quot;:&quot;1&quot;}\" data-image-title=\"fb_erste_160207_01\" data-image-description=\"\" data-image-caption=\"&lt;p&gt;Abteilungsleiter Dirk Gr\u00f6ne und Obmann Kai Tcheon begr\u00fc\u00dfen J\u00f6rg J\u00f6stingmeier&lt;\/p&gt;\n\" data-large-file=\"https:\/\/i0.wp.com\/www.tuseichholzremmighausen.de\/wordpress\/wp-content\/uploads\/2016\/02\/fb_erste_160207_01.jpg?fit=800%2C534&amp;ssl=1\" class=\"size-full wp-image-8520\" src=\"https:\/\/i0.wp.com\/www.tuseichholzremmighausen.de\/wordpress\/wp-content\/uploads\/2016\/02\/fb_erste_160207_01.jpg?resize=800%2C533&#038;ssl=1\" alt=\"Abteilungsleiter Dirk Gr\u00f6ne und Obmann Kai Tcheon begr\u00fc\u00dfen J\u00f6rg J\u00f6stingmeier\" width=\"800\" height=\"533\" srcset=\"https:\/\/i0.wp.com\/www.tuseichholzremmighausen.de\/wordpress\/wp-content\/uploads\/2016\/02\/fb_erste_160207_01.jpg?w=1200&amp;ssl=1 1200w, https:\/\/i0.wp.com\/www.tuseichholzremmighausen.de\/wordpress\/wp-content\/uploads\/2016\/02\/fb_erste_160207_01.jpg?resize=600%2C400&amp;ssl=1 600w, https:\/\/i0.wp.com\/www.tuseichholzremmighausen.de\/wordpress\/wp-content\/uploads\/2016\/02\/fb_erste_160207_01.jpg?resize=300%2C200&amp;ssl=1 300w, https:\/\/i0.wp.com\/www.tuseichholzremmighausen.de\/wordpress\/wp-content\/uploads\/2016\/02\/fb_erste_160207_01.jpg?resize=768%2C512&amp;ssl=1 768w, https:\/\/i0.wp.com\/www.tuseichholzremmighausen.de\/wordpress\/wp-content\/uploads\/2016\/02\/fb_erste_160207_01.jpg?resize=1024%2C683&amp;ssl=1 1024w\" sizes=\"auto, (max-width: 800px) 100vw, 800px\" \/><figcaption id=\"caption-attachment-8520\" class=\"wp-caption-text\">Abteilungsleiter Dirk Gr\u00f6ne und Obmann Kai Tcheon begr\u00fc\u00dfen J\u00f6rg J\u00f6stingmeier<\/figcaption><\/figure>\n<p>Er l\u00f6st den aktuellen Coach John Mathews ab, der aus beruflichen Gr\u00fcnden sein Amt nicht weiter ausf\u00fchren k\u00f6nnen wird. Wie zuletzt berichtet, befindet sich\u00a0die Mannschaft\u00a0auf dem richtigen Weg und wird sich mit dem jetzigen Betreuerteam sicher\u00a0in der zweiten Saisonh\u00e4lfte\u00a0noch mal richtig reinh\u00e4ngen, um\u00a0den angepeilten Platz in der oberen Tabellenregion der Kreisliga B Gruppe 1\u00a0zu best\u00e4tigen (aktuell Rang 6).<\/p>\n","protected":false},"excerpt":{"rendered":"<p>Er l\u00f6st den aktuellen Coach John Mathews ab, der aus beruflichen Gr\u00fcnden sein Amt nicht weiter ausf\u00fchren k\u00f6nnen wird. <\/p>\n","protected":false},"author":16,"featured_media":8520,"comment_status":"closed","ping_status":"open","sticky":false,"template":"","format":"standard","meta":{"colormag_page_container_layout":"default_layout","colormag_page_sidebar_layout":"default_layout","_jetpack_memberships_contains_paid_content":false,"footnotes":"","jetpack_publicize_message":"J\u00f6rg J\u00f6stingmeier beerbt John Mathews! Neuer Coach ab Saison 2016\/2017","jetpack_publicize_feature_enabled":true,"jetpack_social_post_already_shared":true,"jetpack_social_options":{"image_generator_settings":{"template":"highway","default_image_id":0,"font":"","enabled":false},"version":2}},"categories":[157],"tags":[],"class_list":["post-8519","post","type-post","status-publish","format-standard","has-post-thumbnail","hentry","category-archiv"],"jetpack_publicize_connections":[],"jetpack_featured_media_url":"https:\/\/i0.wp.com\/www.tuseichholzremmighausen.de\/wordpress\/wp-content\/uploads\/2016\/02\/fb_erste_160207_01.jpg?fit=1200%2C800&ssl=1","jetpack_sharing_enabled":true,"_links":{"self":[{"href":"https:\/\/www.tuseichholzremmighausen.de\/wordpress\/wp-json\/wp\/v2\/posts\/8519","targetHints":{"allow":["GET"]}}],"collection":[{"href":"https:\/\/www.tuseichholzremmighausen.de\/wordpress\/wp-json\/wp\/v2\/posts"}],"about":[{"href":"https:\/\/www.tuseichholzremmighausen.de\/wordpress\/wp-json\/wp\/v2\/types\/post"}],"author":[{"embeddable":true,"href":"https:\/\/www.tuseichholzremmighausen.de\/wordpress\/wp-json\/wp\/v2\/users\/16"}],"replies":[{"embeddable":true,"href":"https:\/\/www.tuseichholzremmighausen.de\/wordpress\/wp-json\/wp\/v2\/comments?post=8519"}],"version-history":[{"count":0,"href":"https:\/\/www.tuseichholzremmighausen.de\/wordpress\/wp-json\/wp\/v2\/posts\/8519\/revisions"}],"wp:featuredmedia":[{"embeddable":true,"href":"https:\/\/www.tuseichholzremmighausen.de\/wordpress\/wp-json\/wp\/v2\/media\/8520"}],"wp:attachment":[{"href":"https:\/\/www.tuseichholzremmighausen.de\/wordpress\/wp-json\/wp\/v2\/media?parent=8519"}],"wp:term":[{"taxonomy":"category","embeddable":true,"href":"https:\/\/www.tuseichholzremmighausen.de\/wordpress\/wp-json\/wp\/v2\/categories?post=8519"},{"taxonomy":"post_tag","embeddable":true,"href":"https:\/\/www.tuseichholzremmighausen.de\/wordpress\/wp-json\/wp\/v2\/tags?post=8519"}],"curies":[{"name":"wp","href":"https:\/\/api.w.org\/{rel}","templated":true}]}}