{"id":8549,"date":"2016-02-16T20:01:46","date_gmt":"2016-02-16T19:01:46","guid":{"rendered":"http:\/\/www.tuseichholzremmighausen.de\/wordpress\/?p=8549"},"modified":"2020-09-11T20:34:27","modified_gmt":"2020-09-11T18:34:27","slug":"verbandspokal-b-juniorinnen","status":"publish","type":"post","link":"https:\/\/www.tuseichholzremmighausen.de\/wordpress\/archives\/8549","title":{"rendered":"Verbandspokal  B-Juniorinnen"},"content":{"rendered":"<p><strong>TuS Eichholz-Remmighausen vs. L\u00fcdenscheider TV<\/strong><\/p>\n<p><strong>Sonntag, 21.02.2016 &#8211; Ansto\u00df um 10:30 Uhr<\/strong><\/p>\n<p><strong>Sportplatz Remmighausen<\/strong><\/p>\n<p><strong>Gelingt dem lippischen Top-Team im Verbandspokal der Sprung in die n\u00e4chste Runde des Westfalenpokals? Viel wird sicher auch davon abh\u00e4ngen, ob Gr\u00fcn-Wei\u00df im Jahr 2016 endlich die Serie der schweren Langzeitverletzungen wird beenden k\u00f6nnen. Nach letzten Meldungen wird der TuS allerdings auf Kapit\u00e4nin Franzi verzichten m\u00fcssen, die sicher live vom Platz mit den wichtigsten Infos versorgt werden wird! Ziemlich genau vor einem Jahr (22.02.2015) musste der TuS nach gro\u00dfartigem Kampf dem SC Borchen gratulieren. Nun gastiert am Sonntag der L\u00fcdenscheider TV in Remmighausen. Als aktueller Tabellenf\u00fcnfter macht sich das Team der Bezirksliga Staffel 3 Iserlohn\/L\u00fcdenscheid nat\u00fcrlich seinerseits berechtigte Hoffnungen auf den Einzug in die n\u00e4chste Runde. In einer anscheinend sehr gleichm\u00e4\u00dfigen Staffel f\u00fchrten bislang erlangte 4 Siege, 4 Remis und nur eine Niederlage zu 16 Punkten mit einem Torverh\u00e4ltnis von 24:12. Spannung ist da nat\u00fcrlich vorprogrammiert. Geleitet wird die Partie von der routinierten Schiedsrichterin Lisa Glowatzki. An der Linie wird sie unterst\u00fctzt durch Tom-Christian Schwemler und Anja-Viola Georgi.<\/strong><\/p>\n<p><strong>Stadionwurst und Getr\u00e4nke werden in der Bude bereitgestellt. Nun muss nur noch der Wettergott ein wenig mitspielen und es g\u00e4be ideale Voraussetzungen f\u00fcr einen sch\u00f6nen Fu\u00dfballsonntag mit den B-Juniorinnen! Zuschauer aus nah und fern sind am Platz herzlichst willkommen! <\/strong><\/p>\n<p><strong>Der TuS Eichholz-R. w\u00fcnscht den G\u00e4sten eine gute Anreise.\u00a0 <\/strong><\/p>\n","protected":false},"excerpt":{"rendered":"<p>TuS Eichholz-Remmighausen vs. L\u00fcdenscheider TV<br \/>\nSonntag, 21.02.2016 &#8211; Ansto\u00df um 10:30 Uhr<br \/>\nSportplatz Remmighausen<\/p>\n<p>Gelingt dem lippischen Top-Team im Verbandspokal der Sprung in die n\u00e4chste Runde? <\/p>\n","protected":false},"author":16,"featured_media":8550,"comment_status":"closed","ping_status":"closed","sticky":false,"template":"","format":"standard","meta":{"colormag_page_container_layout":"default_layout","colormag_page_sidebar_layout":"default_layout","_jetpack_memberships_contains_paid_content":false,"footnotes":"","jetpack_publicize_message":"Verbandspokal  B-Juniorinnen\r\nTuS Eichholz-R.  -  L\u00fcdenscheider TV","jetpack_publicize_feature_enabled":true,"jetpack_social_post_already_shared":true,"jetpack_social_options":{"image_generator_settings":{"template":"highway","default_image_id":0,"font":"","enabled":false},"version":2}},"categories":[157,158],"tags":[],"class_list":["post-8549","post","type-post","status-publish","format-standard","has-post-thumbnail","hentry","category-archiv","category-fb-jugend-aktuell"],"jetpack_publicize_connections":[],"jetpack_featured_media_url":"https:\/\/i0.wp.com\/www.tuseichholzremmighausen.de\/wordpress\/wp-content\/uploads\/2016\/02\/fb_b-juniorinnen_160216.jpg?fit=1200%2C800&ssl=1","jetpack_sharing_enabled":true,"_links":{"self":[{"href":"https:\/\/www.tuseichholzremmighausen.de\/wordpress\/wp-json\/wp\/v2\/posts\/8549","targetHints":{"allow":["GET"]}}],"collection":[{"href":"https:\/\/www.tuseichholzremmighausen.de\/wordpress\/wp-json\/wp\/v2\/posts"}],"about":[{"href":"https:\/\/www.tuseichholzremmighausen.de\/wordpress\/wp-json\/wp\/v2\/types\/post"}],"author":[{"embeddable":true,"href":"https:\/\/www.tuseichholzremmighausen.de\/wordpress\/wp-json\/wp\/v2\/users\/16"}],"replies":[{"embeddable":true,"href":"https:\/\/www.tuseichholzremmighausen.de\/wordpress\/wp-json\/wp\/v2\/comments?post=8549"}],"version-history":[{"count":0,"href":"https:\/\/www.tuseichholzremmighausen.de\/wordpress\/wp-json\/wp\/v2\/posts\/8549\/revisions"}],"wp:featuredmedia":[{"embeddable":true,"href":"https:\/\/www.tuseichholzremmighausen.de\/wordpress\/wp-json\/wp\/v2\/media\/8550"}],"wp:attachment":[{"href":"https:\/\/www.tuseichholzremmighausen.de\/wordpress\/wp-json\/wp\/v2\/media?parent=8549"}],"wp:term":[{"taxonomy":"category","embeddable":true,"href":"https:\/\/www.tuseichholzremmighausen.de\/wordpress\/wp-json\/wp\/v2\/categories?post=8549"},{"taxonomy":"post_tag","embeddable":true,"href":"https:\/\/www.tuseichholzremmighausen.de\/wordpress\/wp-json\/wp\/v2\/tags?post=8549"}],"curies":[{"name":"wp","href":"https:\/\/api.w.org\/{rel}","templated":true}]}}