{"id":8557,"date":"2016-02-20T18:22:36","date_gmt":"2016-02-20T17:22:36","guid":{"rendered":"http:\/\/www.tuseichholzremmighausen.de\/wordpress\/?p=8557"},"modified":"2020-09-11T20:34:27","modified_gmt":"2020-09-11T18:34:27","slug":"tina-rother-deutsche-vizemeisterin-u20-stab","status":"publish","type":"post","link":"https:\/\/www.tuseichholzremmighausen.de\/wordpress\/archives\/8557","title":{"rendered":"Tina Rother &#8211; Deutsche Vizemeisterin U20"},"content":{"rendered":"<p><strong>Herzliche Gratulation an die deutsche Vizemeisterin U20 im Stabhochsprung!<\/strong><\/p>\n<figure id=\"attachment_8558\" aria-describedby=\"caption-attachment-8558\" style=\"width: 800px\" class=\"wp-caption alignnone\"><img data-recalc-dims=\"1\" loading=\"lazy\" decoding=\"async\" data-attachment-id=\"8558\" data-permalink=\"https:\/\/www.tuseichholzremmighausen.de\/wordpress\/archives\/8557\/tus_berichte_160220_02\" data-orig-file=\"https:\/\/i0.wp.com\/www.tuseichholzremmighausen.de\/wordpress\/wp-content\/uploads\/2016\/02\/tus_berichte_160220_02.jpg?fit=800%2C485&amp;ssl=1\" data-orig-size=\"800,485\" data-comments-opened=\"0\" data-image-meta=\"{&quot;aperture&quot;:&quot;0&quot;,&quot;credit&quot;:&quot;&quot;,&quot;camera&quot;:&quot;&quot;,&quot;caption&quot;:&quot;&quot;,&quot;created_timestamp&quot;:&quot;0&quot;,&quot;copyright&quot;:&quot;&quot;,&quot;focal_length&quot;:&quot;0&quot;,&quot;iso&quot;:&quot;0&quot;,&quot;shutter_speed&quot;:&quot;0&quot;,&quot;title&quot;:&quot;&quot;,&quot;orientation&quot;:&quot;0&quot;}\" data-image-title=\"tus_berichte_160220_02\" data-image-description=\"\" data-image-caption=\"&lt;p&gt;Ergebniszusammenfassung Quelle LAlive.de&lt;\/p&gt;\n\" data-large-file=\"https:\/\/i0.wp.com\/www.tuseichholzremmighausen.de\/wordpress\/wp-content\/uploads\/2016\/02\/tus_berichte_160220_02.jpg?fit=800%2C485&amp;ssl=1\" class=\"size-full wp-image-8558\" src=\"https:\/\/i0.wp.com\/www.tuseichholzremmighausen.de\/wordpress\/wp-content\/uploads\/2016\/02\/tus_berichte_160220_02.jpg?resize=800%2C485&#038;ssl=1\" alt=\"Ergebniszusammenfassung Quelle LAlive.de\" width=\"800\" height=\"485\" srcset=\"https:\/\/i0.wp.com\/www.tuseichholzremmighausen.de\/wordpress\/wp-content\/uploads\/2016\/02\/tus_berichte_160220_02.jpg?w=800&amp;ssl=1 800w, https:\/\/i0.wp.com\/www.tuseichholzremmighausen.de\/wordpress\/wp-content\/uploads\/2016\/02\/tus_berichte_160220_02.jpg?resize=600%2C364&amp;ssl=1 600w, https:\/\/i0.wp.com\/www.tuseichholzremmighausen.de\/wordpress\/wp-content\/uploads\/2016\/02\/tus_berichte_160220_02.jpg?resize=300%2C182&amp;ssl=1 300w, https:\/\/i0.wp.com\/www.tuseichholzremmighausen.de\/wordpress\/wp-content\/uploads\/2016\/02\/tus_berichte_160220_02.jpg?resize=768%2C466&amp;ssl=1 768w\" sizes=\"auto, (max-width: 800px) 100vw, 800px\" \/><figcaption id=\"caption-attachment-8558\" class=\"wp-caption-text\">Ergebniszusammenfassung Quelle LAlive.de<\/figcaption><\/figure>\n<p>Mit \u00fcbersprungenen 4,05 Metern bew\u00e4ltigte sie die gleiche H\u00f6he, wie die sp\u00e4tere Siegerin Luisa Schaar vom TSV Bayer 04 Leverkusen.<\/p>\n","protected":false},"excerpt":{"rendered":"<p>Herzliche Gratulation an die deutsche Vizemeisterin U20 im Stabhochsprung! Mit \u00fcbersprungenen 4,05 Metern bew\u00e4ltigte sie die gleiche H\u00f6he, wie die<\/p>\n","protected":false},"author":16,"featured_media":8560,"comment_status":"closed","ping_status":"open","sticky":false,"template":"","format":"standard","meta":{"colormag_page_container_layout":"default_layout","colormag_page_sidebar_layout":"default_layout","_jetpack_memberships_contains_paid_content":false,"footnotes":"","jetpack_publicize_message":"","jetpack_publicize_feature_enabled":true,"jetpack_social_post_already_shared":true,"jetpack_social_options":{"image_generator_settings":{"template":"highway","default_image_id":0,"font":"","enabled":false},"version":2}},"categories":[157],"tags":[],"class_list":["post-8557","post","type-post","status-publish","format-standard","has-post-thumbnail","hentry","category-archiv"],"jetpack_publicize_connections":[],"jetpack_featured_media_url":"https:\/\/i0.wp.com\/www.tuseichholzremmighausen.de\/wordpress\/wp-content\/uploads\/2016\/02\/tus_berichte_160220_03.jpg?fit=800%2C533&ssl=1","jetpack_sharing_enabled":true,"_links":{"self":[{"href":"https:\/\/www.tuseichholzremmighausen.de\/wordpress\/wp-json\/wp\/v2\/posts\/8557","targetHints":{"allow":["GET"]}}],"collection":[{"href":"https:\/\/www.tuseichholzremmighausen.de\/wordpress\/wp-json\/wp\/v2\/posts"}],"about":[{"href":"https:\/\/www.tuseichholzremmighausen.de\/wordpress\/wp-json\/wp\/v2\/types\/post"}],"author":[{"embeddable":true,"href":"https:\/\/www.tuseichholzremmighausen.de\/wordpress\/wp-json\/wp\/v2\/users\/16"}],"replies":[{"embeddable":true,"href":"https:\/\/www.tuseichholzremmighausen.de\/wordpress\/wp-json\/wp\/v2\/comments?post=8557"}],"version-history":[{"count":0,"href":"https:\/\/www.tuseichholzremmighausen.de\/wordpress\/wp-json\/wp\/v2\/posts\/8557\/revisions"}],"wp:featuredmedia":[{"embeddable":true,"href":"https:\/\/www.tuseichholzremmighausen.de\/wordpress\/wp-json\/wp\/v2\/media\/8560"}],"wp:attachment":[{"href":"https:\/\/www.tuseichholzremmighausen.de\/wordpress\/wp-json\/wp\/v2\/media?parent=8557"}],"wp:term":[{"taxonomy":"category","embeddable":true,"href":"https:\/\/www.tuseichholzremmighausen.de\/wordpress\/wp-json\/wp\/v2\/categories?post=8557"},{"taxonomy":"post_tag","embeddable":true,"href":"https:\/\/www.tuseichholzremmighausen.de\/wordpress\/wp-json\/wp\/v2\/tags?post=8557"}],"curies":[{"name":"wp","href":"https:\/\/api.w.org\/{rel}","templated":true}]}}