{"id":8780,"date":"2016-05-01T22:26:00","date_gmt":"2016-05-01T20:26:00","guid":{"rendered":"http:\/\/www.tuseichholzremmighausen.de\/wordpress\/?p=8780"},"modified":"2025-01-10T11:52:15","modified_gmt":"2025-01-10T10:52:15","slug":"e-jugend-in-brakelsiek-mit-52-erfolgreich","status":"publish","type":"post","link":"https:\/\/www.tuseichholzremmighausen.de\/wordpress\/archives\/8780","title":{"rendered":"E-Jugend in Brakelsiek mit 5:2 erfolgreich"},"content":{"rendered":"<p>Am Samstag 30,04,2016 war ein sch\u00f6ner sonniger Tag in Brakelsiek. Die TUS Eichholz Jungs (hier mal die Aufstellung: Max, Malte, Jaron, Johannes, Luca, Max, Samih, Leon und\u00a0Torwart Dennis), unterst\u00fctzt von Trainer Jan und Andre sind zum Platz gangen und waren hochmotiviert, das Spiel zu gewinnen.\u00a0Nach 5 Minuten schon das erste Tor von Samih mit einem Raketen Schuss, der ins gegnerische Tor flog. Nach 13 Minuten traf Johannes\u00a0nach einem super getretenen Freisto\u00df\u00a0von Samih.\u00a0\u00a0Nur 5 Minuten sp\u00e4ter\u00a0versenkte Samih den n\u00e4chsten Ball im gegnerischen\u00a0Tor. Aber fast im Gegenzug, traf\u00a0Brakelsiek und verk\u00fcrzte f\u00fcr die Gastgeber. Kurz vor der Halbzeit, schoss die gegnerische Mannschaft (Brakelsiek) noch ein Tor. Spielstand zur Pause\u00a0war dann 3 (TUS): 2 (Brakelsiek)\u00a0 In der 2ten Halbzeit schoss dann Jaron nach 8 Minuten ein weiteres Tor f\u00fcr TUS.\u00a0 Und auch nach 18 Minuten traf Jaron dann noch mal das Tor. Somit siegte\u00a0der TUS zum Schluss\u00a0mit 5:2 in Brakelsiek.\u00a0Hier mal ein paar Anmerkungen zum Team:\u00a0\u00a0Die Jungs hatten\u00a0schon viel Spa\u00df bei warm machen, vor dem Spiel,\u00a0zeigten prima\u00a0Mannschaftsgeist.\u00a0 Die TUS Jungs haben gut gespielt, mit der Katze (Dennis) im Tor, Johannes mit so einem starken Fu\u00df, dass er den Ball aus der eigenen H\u00e4lfte bis zum gegnerischen\u00a0Tor\u00a0schie\u00dfen konnte. Samih hatte immer ein gutes Auge f\u00fcr das Tor und zeigte auch seine tollen Tricks. Max\u00a0konnte seiner Mannschaft gut helfen, indem er\u00a0oft mit seinen vorbildlich getretenen\u00a0und starken Standards wie\u00a0Ecken und Freist\u00f6\u00dfen f\u00fcr Gefahr sorgte.\u00a0Malte, h\u00f6rte nie auf zu Grinsen und lief immer zu den Gegnern um den Ball zu bekommen. Max war immer dicht am\u00a0Gegner, um den Ball zu gewinnen. Luca der Verteidiger gibt nie auf die B\u00e4lle\u00a0zu\u00a0erobern, und zeigt das mit einer\u00a0kontinuierlichen Leistungssteigerung von\u00a0Spiel zu Spiel.\u00a0Weiter so! Leon rennt st\u00e4ndig zum Ball und hat keine Angst im Zweikampf. Jaron h\u00f6rte nicht auf, seine Tor Chancen zu nutzen! Dazu seine Zweikampfst\u00e4rke &#8230;\u00a0&#8222;wie\u00a0ein Engl\u00e4nder \ud83d\ude09 &#8220;\u00a0\u00a0(Originalton des begeisterten Vaters);\u00a0 (Bericht:\u00a0Colin Francis)<\/p>\n<p>&nbsp;<\/p>\n","protected":false},"excerpt":{"rendered":"<p>Samstag in Brakelsiek &#8211; Die TUS Eichholz Jungs (hier mal die Aufstellung: Max, Malte, Jaron, Johannes, Luca, Max, Samih, Leon und Torwart Dennis), unterst\u00fctzt von Trainer Jan und Andre<\/p>\n","protected":false},"author":46,"featured_media":8818,"comment_status":"closed","ping_status":"open","sticky":false,"template":"","format":"standard","meta":{"colormag_page_container_layout":"default_layout","colormag_page_sidebar_layout":"default_layout","_jetpack_memberships_contains_paid_content":false,"footnotes":"","jetpack_publicize_message":"","jetpack_publicize_feature_enabled":true,"jetpack_social_post_already_shared":true,"jetpack_social_options":{"image_generator_settings":{"template":"highway","default_image_id":0,"font":"","enabled":false},"version":2}},"categories":[157,203,158],"tags":[],"class_list":["post-8780","post","type-post","status-publish","format-standard","has-post-thumbnail","hentry","category-archiv","category-e-junioren","category-fb-jugend-aktuell"],"jetpack_publicize_connections":[],"jetpack_featured_media_url":"https:\/\/i0.wp.com\/www.tuseichholzremmighausen.de\/wordpress\/wp-content\/uploads\/2016\/05\/fb_e-junioren_160430.jpg?fit=800%2C444&ssl=1","jetpack_sharing_enabled":true,"_links":{"self":[{"href":"https:\/\/www.tuseichholzremmighausen.de\/wordpress\/wp-json\/wp\/v2\/posts\/8780","targetHints":{"allow":["GET"]}}],"collection":[{"href":"https:\/\/www.tuseichholzremmighausen.de\/wordpress\/wp-json\/wp\/v2\/posts"}],"about":[{"href":"https:\/\/www.tuseichholzremmighausen.de\/wordpress\/wp-json\/wp\/v2\/types\/post"}],"author":[{"embeddable":true,"href":"https:\/\/www.tuseichholzremmighausen.de\/wordpress\/wp-json\/wp\/v2\/users\/46"}],"replies":[{"embeddable":true,"href":"https:\/\/www.tuseichholzremmighausen.de\/wordpress\/wp-json\/wp\/v2\/comments?post=8780"}],"version-history":[{"count":0,"href":"https:\/\/www.tuseichholzremmighausen.de\/wordpress\/wp-json\/wp\/v2\/posts\/8780\/revisions"}],"wp:featuredmedia":[{"embeddable":true,"href":"https:\/\/www.tuseichholzremmighausen.de\/wordpress\/wp-json\/wp\/v2\/media\/8818"}],"wp:attachment":[{"href":"https:\/\/www.tuseichholzremmighausen.de\/wordpress\/wp-json\/wp\/v2\/media?parent=8780"}],"wp:term":[{"taxonomy":"category","embeddable":true,"href":"https:\/\/www.tuseichholzremmighausen.de\/wordpress\/wp-json\/wp\/v2\/categories?post=8780"},{"taxonomy":"post_tag","embeddable":true,"href":"https:\/\/www.tuseichholzremmighausen.de\/wordpress\/wp-json\/wp\/v2\/tags?post=8780"}],"curies":[{"name":"wp","href":"https:\/\/api.w.org\/{rel}","templated":true}]}}