{"id":900,"date":"2010-09-26T21:00:45","date_gmt":"2010-09-26T19:00:45","guid":{"rendered":"http:\/\/localhost\/wordpress\/?p=900"},"modified":"2023-06-07T09:59:23","modified_gmt":"2023-06-07T07:59:23","slug":"erste-sv-jerxen-orbke-ii","status":"publish","type":"post","link":"https:\/\/www.tuseichholzremmighausen.de\/wordpress\/archives\/900","title":{"rendered":"Erste &#8211; SV Jerxen-Orbke II"},"content":{"rendered":"<figure id=\"attachment_901\" aria-describedby=\"caption-attachment-901\" style=\"width: 580px\" class=\"wp-caption alignleft\"><a href=\"https:\/\/i0.wp.com\/www.tuseichholzremmighausen.de\/wordpress\/wp-content\/uploads\/2011\/02\/fb_maenner_10_jerxen.jpg?ssl=1\"><img data-recalc-dims=\"1\" loading=\"lazy\" decoding=\"async\" class=\"wp-image-901 size-full\" title=\"fb_maenner_10_jerxen\" src=\"https:\/\/i0.wp.com\/www.tuseichholzremmighausen.de\/wordpress\/wp-content\/uploads\/2011\/02\/fb_maenner_10_jerxen.jpg?resize=580%2C249&#038;ssl=1\" alt=\"Erste gegen Jerxen\" width=\"580\" height=\"249\" \/><\/a><figcaption id=\"caption-attachment-901\" class=\"wp-caption-text\">\u00a9 Dieter Abt<\/figcaption><\/figure>\n<p><strong>26.09.2010<\/strong>: Am heutigen Spieltag hatte unsere Erste den SV Jerxen-Orbke II zu Gast. Sch\u00f6ner konnte es nicht laufen f\u00fcr unsere Jungs, zeigten sie doch, dass sich die Mannschaft gefunden hat. Zu keiner Zeit lie\u00dfen sie den gegner ins Spiel kommen und siegten mit 7:2 , der Sieg ist auch in der H\u00f6he so verdient.<\/p>\n","protected":false},"excerpt":{"rendered":"<p>26.09.2010: Am heutigen Spieltag hatte unsere Erste den SV Jerxen-Orbke II zu Gast. Sch\u00f6ner konnte es nicht laufen f\u00fcr unsere<\/p>\n","protected":false},"author":46,"featured_media":0,"comment_status":"closed","ping_status":"closed","sticky":false,"template":"","format":"standard","meta":{"colormag_page_container_layout":"default_layout","colormag_page_sidebar_layout":"default_layout","_jetpack_memberships_contains_paid_content":false,"footnotes":"","jetpack_publicize_message":"","jetpack_publicize_feature_enabled":true,"jetpack_social_post_already_shared":false,"jetpack_social_options":{"image_generator_settings":{"template":"highway","default_image_id":0,"font":"","enabled":false},"version":2}},"categories":[157,159],"tags":[],"class_list":["post-900","post","type-post","status-publish","format-standard","hentry","category-archiv","category-fb-senioren-aktuell"],"jetpack_publicize_connections":[],"jetpack_featured_media_url":"","jetpack_sharing_enabled":true,"_links":{"self":[{"href":"https:\/\/www.tuseichholzremmighausen.de\/wordpress\/wp-json\/wp\/v2\/posts\/900","targetHints":{"allow":["GET"]}}],"collection":[{"href":"https:\/\/www.tuseichholzremmighausen.de\/wordpress\/wp-json\/wp\/v2\/posts"}],"about":[{"href":"https:\/\/www.tuseichholzremmighausen.de\/wordpress\/wp-json\/wp\/v2\/types\/post"}],"author":[{"embeddable":true,"href":"https:\/\/www.tuseichholzremmighausen.de\/wordpress\/wp-json\/wp\/v2\/users\/46"}],"replies":[{"embeddable":true,"href":"https:\/\/www.tuseichholzremmighausen.de\/wordpress\/wp-json\/wp\/v2\/comments?post=900"}],"version-history":[{"count":0,"href":"https:\/\/www.tuseichholzremmighausen.de\/wordpress\/wp-json\/wp\/v2\/posts\/900\/revisions"}],"wp:attachment":[{"href":"https:\/\/www.tuseichholzremmighausen.de\/wordpress\/wp-json\/wp\/v2\/media?parent=900"}],"wp:term":[{"taxonomy":"category","embeddable":true,"href":"https:\/\/www.tuseichholzremmighausen.de\/wordpress\/wp-json\/wp\/v2\/categories?post=900"},{"taxonomy":"post_tag","embeddable":true,"href":"https:\/\/www.tuseichholzremmighausen.de\/wordpress\/wp-json\/wp\/v2\/tags?post=900"}],"curies":[{"name":"wp","href":"https:\/\/api.w.org\/{rel}","templated":true}]}}