{"id":9056,"date":"2016-06-30T07:36:04","date_gmt":"2016-06-30T05:36:04","guid":{"rendered":"http:\/\/www.tuseichholzremmighausen.de\/wordpress\/?p=9056"},"modified":"2020-09-11T20:35:10","modified_gmt":"2020-09-11T18:35:10","slug":"9056","status":"publish","type":"post","link":"https:\/\/www.tuseichholzremmighausen.de\/wordpress\/archives\/9056","title":{"rendered":"Aus im Dritten Spiel! Aufstieg ade nach 0:8 gegen Heide Paderborn"},"content":{"rendered":"<figure id=\"attachment_9058\" aria-describedby=\"caption-attachment-9058\" style=\"width: 1200px\" class=\"wp-caption alignnone\"><img data-recalc-dims=\"1\" loading=\"lazy\" decoding=\"async\" data-attachment-id=\"9058\" data-permalink=\"https:\/\/www.tuseichholzremmighausen.de\/wordpress\/archives\/9056\/fb_b-junioren_160629_02\" data-orig-file=\"https:\/\/i0.wp.com\/www.tuseichholzremmighausen.de\/wordpress\/wp-content\/uploads\/2016\/06\/fb_b-junioren_160629_02.jpg?fit=1200%2C800&amp;ssl=1\" data-orig-size=\"1200,800\" data-comments-opened=\"0\" data-image-meta=\"{&quot;aperture&quot;:&quot;5&quot;,&quot;credit&quot;:&quot;Rolf Gehrke&quot;,&quot;camera&quot;:&quot;Canon EOS 70D&quot;,&quot;caption&quot;:&quot;&quot;,&quot;created_timestamp&quot;:&quot;1467230988&quot;,&quot;copyright&quot;:&quot;Rolf Gehrke 2016&quot;,&quot;focal_length&quot;:&quot;85&quot;,&quot;iso&quot;:&quot;1000&quot;,&quot;shutter_speed&quot;:&quot;0.0005&quot;,&quot;title&quot;:&quot;&quot;,&quot;orientation&quot;:&quot;1&quot;}\" data-image-title=\"fb_b-junioren_160629_02\" data-image-description=\"\" data-image-caption=\"&lt;p&gt;Zu gro\u00dfe R\u00e4ume boten sich den Rot-Schwarzen&lt;\/p&gt;\n\" data-large-file=\"https:\/\/i0.wp.com\/www.tuseichholzremmighausen.de\/wordpress\/wp-content\/uploads\/2016\/06\/fb_b-junioren_160629_02.jpg?fit=800%2C534&amp;ssl=1\" class=\"size-full wp-image-9058\" src=\"https:\/\/i0.wp.com\/www.tuseichholzremmighausen.de\/wordpress\/wp-content\/uploads\/2016\/06\/fb_b-junioren_160629_02.jpg?resize=800%2C533&#038;ssl=1\" alt=\"Zu gro\u00dfe R\u00e4ume boten sich den Rot-Schwarzen\" width=\"800\" height=\"533\" srcset=\"https:\/\/i0.wp.com\/www.tuseichholzremmighausen.de\/wordpress\/wp-content\/uploads\/2016\/06\/fb_b-junioren_160629_02.jpg?w=1200&amp;ssl=1 1200w, https:\/\/i0.wp.com\/www.tuseichholzremmighausen.de\/wordpress\/wp-content\/uploads\/2016\/06\/fb_b-junioren_160629_02.jpg?resize=600%2C400&amp;ssl=1 600w, https:\/\/i0.wp.com\/www.tuseichholzremmighausen.de\/wordpress\/wp-content\/uploads\/2016\/06\/fb_b-junioren_160629_02.jpg?resize=300%2C200&amp;ssl=1 300w, https:\/\/i0.wp.com\/www.tuseichholzremmighausen.de\/wordpress\/wp-content\/uploads\/2016\/06\/fb_b-junioren_160629_02.jpg?resize=768%2C512&amp;ssl=1 768w, https:\/\/i0.wp.com\/www.tuseichholzremmighausen.de\/wordpress\/wp-content\/uploads\/2016\/06\/fb_b-junioren_160629_02.jpg?resize=1024%2C683&amp;ssl=1 1024w\" sizes=\"auto, (max-width: 800px) 100vw, 800px\" \/><figcaption id=\"caption-attachment-9058\" class=\"wp-caption-text\">Zu gro\u00dfe R\u00e4ume boten sich den Rot-Schwarzen<\/figcaption><\/figure>\n<p>Nach den ersten beiden\u00a0 knappen Niederlagen gab es f\u00fcr die B-Jugend noch Chancen auf den Aufstieg. Daf\u00fcr mussten die 3. und 4. Partie hoch gewonnen werden. Genau das lie\u00dfen die G\u00e4ste am gestrigen Mittwoch Abend von Beginn an nicht zu.\u00a0Der SV Heide Paderborn nutzte gleich in der Anfangsminute die erste Torchance und legte nur wenig sp\u00e4ter nach. Am Ende hie\u00df es 0:8 gegen einen starken Gegner, wobei der TuS zu keiner Zeit\u00a0sein tats\u00e4chliches Leistungsverm\u00f6gen abrufen konnte. Ein Aufstieg ist nicht mehr m\u00f6glich.\u00a0Die Partie am Sonntag in Soest wird der TuS als Testspiel bestreiten, und eine tolle und erfolgreiche Saison 15\/16\u00a0beenden.<\/p>\n","protected":false},"excerpt":{"rendered":"<p>Nach den ersten beiden  knappen Niederlagen gab es f\u00fcr die B-Jugend noch Chancen auf den Aufstieg. Daf\u00fcr mussten die 3. und 4. Partie hoch gewonnen werden.<\/p>\n","protected":false},"author":16,"featured_media":9057,"comment_status":"closed","ping_status":"open","sticky":false,"template":"","format":"standard","meta":{"colormag_page_container_layout":"default_layout","colormag_page_sidebar_layout":"default_layout","_jetpack_memberships_contains_paid_content":false,"footnotes":"","jetpack_publicize_message":"","jetpack_publicize_feature_enabled":true,"jetpack_social_post_already_shared":true,"jetpack_social_options":{"image_generator_settings":{"template":"highway","default_image_id":0,"font":"","enabled":false},"version":2}},"categories":[157,158],"tags":[],"class_list":["post-9056","post","type-post","status-publish","format-standard","has-post-thumbnail","hentry","category-archiv","category-fb-jugend-aktuell"],"jetpack_publicize_connections":[],"jetpack_featured_media_url":"https:\/\/i0.wp.com\/www.tuseichholzremmighausen.de\/wordpress\/wp-content\/uploads\/2016\/06\/fb_b-junioren_160629_01.jpg?fit=1200%2C800&ssl=1","jetpack_sharing_enabled":true,"_links":{"self":[{"href":"https:\/\/www.tuseichholzremmighausen.de\/wordpress\/wp-json\/wp\/v2\/posts\/9056","targetHints":{"allow":["GET"]}}],"collection":[{"href":"https:\/\/www.tuseichholzremmighausen.de\/wordpress\/wp-json\/wp\/v2\/posts"}],"about":[{"href":"https:\/\/www.tuseichholzremmighausen.de\/wordpress\/wp-json\/wp\/v2\/types\/post"}],"author":[{"embeddable":true,"href":"https:\/\/www.tuseichholzremmighausen.de\/wordpress\/wp-json\/wp\/v2\/users\/16"}],"replies":[{"embeddable":true,"href":"https:\/\/www.tuseichholzremmighausen.de\/wordpress\/wp-json\/wp\/v2\/comments?post=9056"}],"version-history":[{"count":0,"href":"https:\/\/www.tuseichholzremmighausen.de\/wordpress\/wp-json\/wp\/v2\/posts\/9056\/revisions"}],"wp:featuredmedia":[{"embeddable":true,"href":"https:\/\/www.tuseichholzremmighausen.de\/wordpress\/wp-json\/wp\/v2\/media\/9057"}],"wp:attachment":[{"href":"https:\/\/www.tuseichholzremmighausen.de\/wordpress\/wp-json\/wp\/v2\/media?parent=9056"}],"wp:term":[{"taxonomy":"category","embeddable":true,"href":"https:\/\/www.tuseichholzremmighausen.de\/wordpress\/wp-json\/wp\/v2\/categories?post=9056"},{"taxonomy":"post_tag","embeddable":true,"href":"https:\/\/www.tuseichholzremmighausen.de\/wordpress\/wp-json\/wp\/v2\/tags?post=9056"}],"curies":[{"name":"wp","href":"https:\/\/api.w.org\/{rel}","templated":true}]}}