{"id":9060,"date":"2016-07-05T19:15:29","date_gmt":"2016-07-05T17:15:29","guid":{"rendered":"http:\/\/www.tuseichholzremmighausen.de\/wordpress\/?p=9060"},"modified":"2020-09-11T20:35:10","modified_gmt":"2020-09-11T18:35:10","slug":"alt-herren-fahrt-nach-cochem-an-der-mosel","status":"publish","type":"post","link":"https:\/\/www.tuseichholzremmighausen.de\/wordpress\/archives\/9060","title":{"rendered":"Alt-Herren Fahrt nach Cochem an der Mosel"},"content":{"rendered":"<figure id=\"attachment_9100\" aria-describedby=\"caption-attachment-9100\" style=\"width: 1200px\" class=\"wp-caption aligncenter\"><a href=\"https:\/\/i0.wp.com\/www.tuseichholzremmighausen.de\/wordpress\/wp-content\/uploads\/2016\/07\/fb_ah_Moselfahrt_2016_1.jpg?ssl=1\"><img data-recalc-dims=\"1\" loading=\"lazy\" decoding=\"async\" data-attachment-id=\"9100\" data-permalink=\"https:\/\/www.tuseichholzremmighausen.de\/wordpress\/archives\/9060\/fb_ah_moselfahrt_2016_1\" data-orig-file=\"https:\/\/i0.wp.com\/www.tuseichholzremmighausen.de\/wordpress\/wp-content\/uploads\/2016\/07\/fb_ah_Moselfahrt_2016_1.jpg?fit=1200%2C800&amp;ssl=1\" data-orig-size=\"1200,800\" data-comments-opened=\"0\" data-image-meta=\"{&quot;aperture&quot;:&quot;0&quot;,&quot;credit&quot;:&quot;&quot;,&quot;camera&quot;:&quot;&quot;,&quot;caption&quot;:&quot;&quot;,&quot;created_timestamp&quot;:&quot;0&quot;,&quot;copyright&quot;:&quot;&quot;,&quot;focal_length&quot;:&quot;0&quot;,&quot;iso&quot;:&quot;0&quot;,&quot;shutter_speed&quot;:&quot;0&quot;,&quot;title&quot;:&quot;&quot;,&quot;orientation&quot;:&quot;0&quot;}\" data-image-title=\"fb_ah_Moselfahrt_2016_1\" data-image-description=\"\" data-image-caption=\"&lt;p&gt;Alt-Herren on Tour&lt;\/p&gt;\n\" data-large-file=\"https:\/\/i0.wp.com\/www.tuseichholzremmighausen.de\/wordpress\/wp-content\/uploads\/2016\/07\/fb_ah_Moselfahrt_2016_1.jpg?fit=800%2C534&amp;ssl=1\" class=\"size-full wp-image-9100\" src=\"https:\/\/i0.wp.com\/www.tuseichholzremmighausen.de\/wordpress\/wp-content\/uploads\/2016\/07\/fb_ah_Moselfahrt_2016_1.jpg?resize=800%2C533&#038;ssl=1\" alt=\"Alt-Herren on Tour\" width=\"800\" height=\"533\" srcset=\"https:\/\/i0.wp.com\/www.tuseichholzremmighausen.de\/wordpress\/wp-content\/uploads\/2016\/07\/fb_ah_Moselfahrt_2016_1.jpg?w=1200&amp;ssl=1 1200w, https:\/\/i0.wp.com\/www.tuseichholzremmighausen.de\/wordpress\/wp-content\/uploads\/2016\/07\/fb_ah_Moselfahrt_2016_1.jpg?resize=600%2C400&amp;ssl=1 600w, https:\/\/i0.wp.com\/www.tuseichholzremmighausen.de\/wordpress\/wp-content\/uploads\/2016\/07\/fb_ah_Moselfahrt_2016_1.jpg?resize=300%2C200&amp;ssl=1 300w, https:\/\/i0.wp.com\/www.tuseichholzremmighausen.de\/wordpress\/wp-content\/uploads\/2016\/07\/fb_ah_Moselfahrt_2016_1.jpg?resize=768%2C512&amp;ssl=1 768w, https:\/\/i0.wp.com\/www.tuseichholzremmighausen.de\/wordpress\/wp-content\/uploads\/2016\/07\/fb_ah_Moselfahrt_2016_1.jpg?resize=1024%2C683&amp;ssl=1 1024w\" sizes=\"auto, (max-width: 800px) 100vw, 800px\" \/><\/a><figcaption id=\"caption-attachment-9100\" class=\"wp-caption-text\">Alt-Herren on Tour<\/figcaption><\/figure>\n<p>31 Junggebliebene traten vom 24.06.-26.06. zu einer unvergesslichen Moselfahrt an. Um es vorweg zu nehmen es war eine gelungene Fahrt mit viel Spa\u00df. <!--more-->\u00a0Jeder der mitgefahren ist kann bestimmt etwas \u00fcber Wein und Weinanbau erz\u00e4hlen. Aber auch \u00fcber die Stadt und Burg Cochem haben wir viele Dinge gelernt. Die Geschichte vom Schmantellecker hat Marc sehr gefallen. Am Freitag um 8:00 Uhr war Abfahrt in Remmighausen. Unterwegs gab es von Traute ein herzhaftes Fr\u00fchst\u00fcck. Bei der Ankunft in Cochem wurde gleich erst einmal ein Weinchen probiert. Bei einer gebuchten Stadtf\u00fchrung haben wir &#8222;VIEL&#8220; \ud83d\ude09 gelernt. Danke an dieser Stelle an Ralf der die Fahrt geplant hat. <a href=\"https:\/\/i0.wp.com\/www.tuseichholzremmighausen.de\/wordpress\/wp-content\/uploads\/2016\/07\/fb_ah_Moselfahrt_2016_4.jpg?ssl=1\"><img data-recalc-dims=\"1\" loading=\"lazy\" decoding=\"async\" data-attachment-id=\"9071\" data-permalink=\"https:\/\/www.tuseichholzremmighausen.de\/wordpress\/archives\/9060\/fb_ah_moselfahrt_2016_4\" data-orig-file=\"https:\/\/i0.wp.com\/www.tuseichholzremmighausen.de\/wordpress\/wp-content\/uploads\/2016\/07\/fb_ah_Moselfahrt_2016_4.jpg?fit=1200%2C800&amp;ssl=1\" data-orig-size=\"1200,800\" data-comments-opened=\"0\" data-image-meta=\"{&quot;aperture&quot;:&quot;2.6&quot;,&quot;credit&quot;:&quot;&quot;,&quot;camera&quot;:&quot;GT-I8200N&quot;,&quot;caption&quot;:&quot;&quot;,&quot;created_timestamp&quot;:&quot;1466782733&quot;,&quot;copyright&quot;:&quot;&quot;,&quot;focal_length&quot;:&quot;3.31&quot;,&quot;iso&quot;:&quot;50&quot;,&quot;shutter_speed&quot;:&quot;0.00250244140625&quot;,&quot;title&quot;:&quot;&quot;,&quot;orientation&quot;:&quot;0&quot;}\" data-image-title=\"fb_ah_Moselfahrt_2016_4\" data-image-description=\"\" data-image-caption=\"\" data-large-file=\"https:\/\/i0.wp.com\/www.tuseichholzremmighausen.de\/wordpress\/wp-content\/uploads\/2016\/07\/fb_ah_Moselfahrt_2016_4.jpg?fit=800%2C534&amp;ssl=1\" class=\"aligncenter size-full wp-image-9071\" src=\"https:\/\/i0.wp.com\/www.tuseichholzremmighausen.de\/wordpress\/wp-content\/uploads\/2016\/07\/fb_ah_Moselfahrt_2016_4.jpg?resize=800%2C533&#038;ssl=1\" alt=\" \" width=\"800\" height=\"533\" srcset=\"https:\/\/i0.wp.com\/www.tuseichholzremmighausen.de\/wordpress\/wp-content\/uploads\/2016\/07\/fb_ah_Moselfahrt_2016_4.jpg?w=1200&amp;ssl=1 1200w, https:\/\/i0.wp.com\/www.tuseichholzremmighausen.de\/wordpress\/wp-content\/uploads\/2016\/07\/fb_ah_Moselfahrt_2016_4.jpg?resize=600%2C400&amp;ssl=1 600w, https:\/\/i0.wp.com\/www.tuseichholzremmighausen.de\/wordpress\/wp-content\/uploads\/2016\/07\/fb_ah_Moselfahrt_2016_4.jpg?resize=300%2C200&amp;ssl=1 300w, https:\/\/i0.wp.com\/www.tuseichholzremmighausen.de\/wordpress\/wp-content\/uploads\/2016\/07\/fb_ah_Moselfahrt_2016_4.jpg?resize=768%2C512&amp;ssl=1 768w, https:\/\/i0.wp.com\/www.tuseichholzremmighausen.de\/wordpress\/wp-content\/uploads\/2016\/07\/fb_ah_Moselfahrt_2016_4.jpg?resize=1024%2C683&amp;ssl=1 1024w\" sizes=\"auto, (max-width: 800px) 100vw, 800px\" \/><\/a><\/p>\n<figure id=\"attachment_9072\" aria-describedby=\"caption-attachment-9072\" style=\"width: 1200px\" class=\"wp-caption aligncenter\"><a href=\"https:\/\/i0.wp.com\/www.tuseichholzremmighausen.de\/wordpress\/wp-content\/uploads\/2016\/07\/fb_ah_Moselfahrt_2016_5.jpg?ssl=1\"><img data-recalc-dims=\"1\" loading=\"lazy\" decoding=\"async\" data-attachment-id=\"9072\" data-permalink=\"https:\/\/www.tuseichholzremmighausen.de\/wordpress\/archives\/9060\/fb_ah_moselfahrt_2016_5\" data-orig-file=\"https:\/\/i0.wp.com\/www.tuseichholzremmighausen.de\/wordpress\/wp-content\/uploads\/2016\/07\/fb_ah_Moselfahrt_2016_5.jpg?fit=1200%2C800&amp;ssl=1\" data-orig-size=\"1200,800\" data-comments-opened=\"0\" data-image-meta=\"{&quot;aperture&quot;:&quot;2.6&quot;,&quot;credit&quot;:&quot;&quot;,&quot;camera&quot;:&quot;GT-I8200N&quot;,&quot;caption&quot;:&quot;&quot;,&quot;created_timestamp&quot;:&quot;1466780950&quot;,&quot;copyright&quot;:&quot;&quot;,&quot;focal_length&quot;:&quot;3.31&quot;,&quot;iso&quot;:&quot;50&quot;,&quot;shutter_speed&quot;:&quot;0.0030670166015625&quot;,&quot;title&quot;:&quot;&quot;,&quot;orientation&quot;:&quot;0&quot;}\" data-image-title=\"fb_ah_Moselfahrt_2016_5\" data-image-description=\"\" data-image-caption=\"&lt;p&gt;Zweiter v.l. ist der Schmantellecker&lt;\/p&gt;\n\" data-large-file=\"https:\/\/i0.wp.com\/www.tuseichholzremmighausen.de\/wordpress\/wp-content\/uploads\/2016\/07\/fb_ah_Moselfahrt_2016_5.jpg?fit=800%2C534&amp;ssl=1\" class=\"size-full wp-image-9072\" src=\"https:\/\/i0.wp.com\/www.tuseichholzremmighausen.de\/wordpress\/wp-content\/uploads\/2016\/07\/fb_ah_Moselfahrt_2016_5.jpg?resize=800%2C533&#038;ssl=1\" alt=\"Zweiter v.l. ist der Schmantellecker\" width=\"800\" height=\"533\" srcset=\"https:\/\/i0.wp.com\/www.tuseichholzremmighausen.de\/wordpress\/wp-content\/uploads\/2016\/07\/fb_ah_Moselfahrt_2016_5.jpg?w=1200&amp;ssl=1 1200w, https:\/\/i0.wp.com\/www.tuseichholzremmighausen.de\/wordpress\/wp-content\/uploads\/2016\/07\/fb_ah_Moselfahrt_2016_5.jpg?resize=600%2C400&amp;ssl=1 600w, https:\/\/i0.wp.com\/www.tuseichholzremmighausen.de\/wordpress\/wp-content\/uploads\/2016\/07\/fb_ah_Moselfahrt_2016_5.jpg?resize=300%2C200&amp;ssl=1 300w, https:\/\/i0.wp.com\/www.tuseichholzremmighausen.de\/wordpress\/wp-content\/uploads\/2016\/07\/fb_ah_Moselfahrt_2016_5.jpg?resize=768%2C512&amp;ssl=1 768w, https:\/\/i0.wp.com\/www.tuseichholzremmighausen.de\/wordpress\/wp-content\/uploads\/2016\/07\/fb_ah_Moselfahrt_2016_5.jpg?resize=1024%2C683&amp;ssl=1 1024w\" sizes=\"auto, (max-width: 800px) 100vw, 800px\" \/><\/a><figcaption id=\"caption-attachment-9072\" class=\"wp-caption-text\">Zweiter v.l. ist der Schmantellecker<\/figcaption><\/figure>\n<p>Nach der Stadtf\u00fchrung wurde das Hotel bezogen. Im Hotel gab es dann ein gemeinsames Abendessen. Danach fuhren wir mit dem Bus zum Weinlagenfest. Ein beschwerlicher Aufstieg lag vor uns.<\/p>\n<figure id=\"attachment_9074\" aria-describedby=\"caption-attachment-9074\" style=\"width: 1200px\" class=\"wp-caption aligncenter\"><a href=\"https:\/\/i0.wp.com\/www.tuseichholzremmighausen.de\/wordpress\/wp-content\/uploads\/2016\/07\/fb_ah_Moselfahrt_2016_7.jpg?ssl=1\"><img data-recalc-dims=\"1\" loading=\"lazy\" decoding=\"async\" data-attachment-id=\"9074\" data-permalink=\"https:\/\/www.tuseichholzremmighausen.de\/wordpress\/archives\/9060\/fb_ah_moselfahrt_2016_7\" data-orig-file=\"https:\/\/i0.wp.com\/www.tuseichholzremmighausen.de\/wordpress\/wp-content\/uploads\/2016\/07\/fb_ah_Moselfahrt_2016_7.jpg?fit=1200%2C800&amp;ssl=1\" data-orig-size=\"1200,800\" data-comments-opened=\"0\" data-image-meta=\"{&quot;aperture&quot;:&quot;2.6&quot;,&quot;credit&quot;:&quot;&quot;,&quot;camera&quot;:&quot;GT-I8200N&quot;,&quot;caption&quot;:&quot;&quot;,&quot;created_timestamp&quot;:&quot;1466798584&quot;,&quot;copyright&quot;:&quot;&quot;,&quot;focal_length&quot;:&quot;3.31&quot;,&quot;iso&quot;:&quot;100&quot;,&quot;shutter_speed&quot;:&quot;0.0099945068359375&quot;,&quot;title&quot;:&quot;&quot;,&quot;orientation&quot;:&quot;0&quot;}\" data-image-title=\"fb_ah_Moselfahrt_2016_7\" data-image-description=\"\" data-image-caption=\"&lt;p&gt;Weg zum Weinlagenfest&lt;\/p&gt;\n\" data-large-file=\"https:\/\/i0.wp.com\/www.tuseichholzremmighausen.de\/wordpress\/wp-content\/uploads\/2016\/07\/fb_ah_Moselfahrt_2016_7.jpg?fit=800%2C534&amp;ssl=1\" class=\"size-full wp-image-9074\" src=\"https:\/\/i0.wp.com\/www.tuseichholzremmighausen.de\/wordpress\/wp-content\/uploads\/2016\/07\/fb_ah_Moselfahrt_2016_7.jpg?resize=800%2C533&#038;ssl=1\" alt=\"Weg zum Weinlagenfest\" width=\"800\" height=\"533\" srcset=\"https:\/\/i0.wp.com\/www.tuseichholzremmighausen.de\/wordpress\/wp-content\/uploads\/2016\/07\/fb_ah_Moselfahrt_2016_7.jpg?w=1200&amp;ssl=1 1200w, https:\/\/i0.wp.com\/www.tuseichholzremmighausen.de\/wordpress\/wp-content\/uploads\/2016\/07\/fb_ah_Moselfahrt_2016_7.jpg?resize=600%2C400&amp;ssl=1 600w, https:\/\/i0.wp.com\/www.tuseichholzremmighausen.de\/wordpress\/wp-content\/uploads\/2016\/07\/fb_ah_Moselfahrt_2016_7.jpg?resize=300%2C200&amp;ssl=1 300w, https:\/\/i0.wp.com\/www.tuseichholzremmighausen.de\/wordpress\/wp-content\/uploads\/2016\/07\/fb_ah_Moselfahrt_2016_7.jpg?resize=768%2C512&amp;ssl=1 768w, https:\/\/i0.wp.com\/www.tuseichholzremmighausen.de\/wordpress\/wp-content\/uploads\/2016\/07\/fb_ah_Moselfahrt_2016_7.jpg?resize=1024%2C683&amp;ssl=1 1024w\" sizes=\"auto, (max-width: 800px) 100vw, 800px\" \/><\/a><figcaption id=\"caption-attachment-9074\" class=\"wp-caption-text\">Weg zum Weinlagenfest<\/figcaption><\/figure>\n<p>Die Aussicht war die Belohnung, f\u00fcr Schnappatmungen. \ud83d\ude09 22:30 Uhr war die R\u00fcckfahrt zum Hotel. Der Samstag startete nach dem Fr\u00fchst\u00fcck mit einer Planwagenfahrt mit anschlie\u00dfender Weinprobe. Danach gab es ein gemeinsames Mittagessen. Um ca. 15:00 Uhr fuhren wir ins Hotel. Sp\u00e4ter war der Nachmittag und Abend zur freien Verf\u00fcgung. Viele besuchten das Weinlagenfest, die Burg oder die Stadt Cochem. Auch eine Tanzbar wurde besucht. \ud83d\ude09 Der Bus brachte fast alle \ud83d\ude09 wieder ins Hotel. Sonntag gab es als kleines Highlight noch eine Schiffsfahrt rund um die Burg Cochem. Um die Mittagszeit wurde die Heimfahrt angetreten. Wir wollten ja p\u00fcnktlich zum L\u00e4nderspiel wieder zu Hause sein. Danke an unseren tollen Busfahrer, der das ganze Wochenende f\u00fcr uns da war und nat\u00fcrlich eine halbe Stunde vor Ansto\u00df uns wieder in Remmighausen absetzte. Danke an alle die mitgewirkt haben an dieser tollen Fahrt und die hoffentlich im n\u00e4chsten Jahr wieder stattfindet. Weiter unten ist noch eine Galerie mit einer kleinen Auswahl an Bildern zu sehen. Ich hoffe der Bericht gef\u00e4llt und ich habe nichts vergessen. Liebe Gr\u00fcsse Rainer, hier neben unserem ALT Herren &#8222;Boss&#8220;<\/p>\n<figure id=\"attachment_9096\" aria-describedby=\"caption-attachment-9096\" style=\"width: 1200px\" class=\"wp-caption aligncenter\"><a href=\"https:\/\/i0.wp.com\/www.tuseichholzremmighausen.de\/wordpress\/wp-content\/uploads\/2016\/07\/fb_ah_Moselfahrt_2016_29.jpg?ssl=1\"><img data-recalc-dims=\"1\" loading=\"lazy\" decoding=\"async\" data-attachment-id=\"9096\" data-permalink=\"https:\/\/www.tuseichholzremmighausen.de\/wordpress\/archives\/9060\/fb_ah_moselfahrt_2016_29\" data-orig-file=\"https:\/\/i0.wp.com\/www.tuseichholzremmighausen.de\/wordpress\/wp-content\/uploads\/2016\/07\/fb_ah_Moselfahrt_2016_29.jpg?fit=1200%2C800&amp;ssl=1\" data-orig-size=\"1200,800\" data-comments-opened=\"0\" data-image-meta=\"{&quot;aperture&quot;:&quot;2.6&quot;,&quot;credit&quot;:&quot;&quot;,&quot;camera&quot;:&quot;GT-I8200N&quot;,&quot;caption&quot;:&quot;&quot;,&quot;created_timestamp&quot;:&quot;1466776900&quot;,&quot;copyright&quot;:&quot;&quot;,&quot;focal_length&quot;:&quot;3.31&quot;,&quot;iso&quot;:&quot;50&quot;,&quot;shutter_speed&quot;:&quot;0.0017852783203125&quot;,&quot;title&quot;:&quot;&quot;,&quot;orientation&quot;:&quot;0&quot;}\" data-image-title=\"fb_ah_Moselfahrt_2016_29\" data-image-description=\"\" data-image-caption=\"&lt;p&gt;Zwei ganz &amp;#8222;Nette&amp;#8220; ;-)&lt;\/p&gt;\n\" data-large-file=\"https:\/\/i0.wp.com\/www.tuseichholzremmighausen.de\/wordpress\/wp-content\/uploads\/2016\/07\/fb_ah_Moselfahrt_2016_29.jpg?fit=800%2C534&amp;ssl=1\" class=\"size-full wp-image-9096\" src=\"https:\/\/i0.wp.com\/www.tuseichholzremmighausen.de\/wordpress\/wp-content\/uploads\/2016\/07\/fb_ah_Moselfahrt_2016_29.jpg?resize=800%2C533&#038;ssl=1\" alt=\"Zwei ganz &quot;Nette&quot; ;-)\" width=\"800\" height=\"533\" srcset=\"https:\/\/i0.wp.com\/www.tuseichholzremmighausen.de\/wordpress\/wp-content\/uploads\/2016\/07\/fb_ah_Moselfahrt_2016_29.jpg?w=1200&amp;ssl=1 1200w, https:\/\/i0.wp.com\/www.tuseichholzremmighausen.de\/wordpress\/wp-content\/uploads\/2016\/07\/fb_ah_Moselfahrt_2016_29.jpg?resize=600%2C400&amp;ssl=1 600w, https:\/\/i0.wp.com\/www.tuseichholzremmighausen.de\/wordpress\/wp-content\/uploads\/2016\/07\/fb_ah_Moselfahrt_2016_29.jpg?resize=300%2C200&amp;ssl=1 300w, https:\/\/i0.wp.com\/www.tuseichholzremmighausen.de\/wordpress\/wp-content\/uploads\/2016\/07\/fb_ah_Moselfahrt_2016_29.jpg?resize=768%2C512&amp;ssl=1 768w, https:\/\/i0.wp.com\/www.tuseichholzremmighausen.de\/wordpress\/wp-content\/uploads\/2016\/07\/fb_ah_Moselfahrt_2016_29.jpg?resize=1024%2C683&amp;ssl=1 1024w\" sizes=\"auto, (max-width: 800px) 100vw, 800px\" \/><\/a><figcaption id=\"caption-attachment-9096\" class=\"wp-caption-text\">Zwei ganz &#8222;Nette&#8220; \ud83d\ude09<\/figcaption><\/figure>\n<p>[nggallery id=28]<\/p>\n","protected":false},"excerpt":{"rendered":"<p>31 Junggebliebene traten vom 24.06.-26.06. zu einer unvergesslichen Moselfahrt an. Um es vorweg zu nehmen es war eine gelungene Fahrt<\/p>\n","protected":false},"author":14,"featured_media":9099,"comment_status":"closed","ping_status":"open","sticky":false,"template":"","format":"standard","meta":{"colormag_page_container_layout":"default_layout","colormag_page_sidebar_layout":"default_layout","_jetpack_memberships_contains_paid_content":false,"footnotes":"","jetpack_publicize_message":"31 Junggebliebene traten vom 24.06.-26.06. zu einer unvergesslichen Moselfahrt nach Cochem an. Um es vorweg zu nehmen es war eine gelungene Fahrt und alle hatten viel Spa\u00df dabei.","jetpack_publicize_feature_enabled":true,"jetpack_social_post_already_shared":true,"jetpack_social_options":{"image_generator_settings":{"template":"highway","default_image_id":0,"font":"","enabled":false},"version":2}},"categories":[157],"tags":[],"class_list":["post-9060","post","type-post","status-publish","format-standard","has-post-thumbnail","hentry","category-archiv"],"jetpack_publicize_connections":[],"jetpack_featured_media_url":"https:\/\/i0.wp.com\/www.tuseichholzremmighausen.de\/wordpress\/wp-content\/uploads\/2016\/07\/fb_ah_Moselfahrt_2016_32-1.jpg?fit=800%2C445&ssl=1","jetpack_sharing_enabled":true,"_links":{"self":[{"href":"https:\/\/www.tuseichholzremmighausen.de\/wordpress\/wp-json\/wp\/v2\/posts\/9060","targetHints":{"allow":["GET"]}}],"collection":[{"href":"https:\/\/www.tuseichholzremmighausen.de\/wordpress\/wp-json\/wp\/v2\/posts"}],"about":[{"href":"https:\/\/www.tuseichholzremmighausen.de\/wordpress\/wp-json\/wp\/v2\/types\/post"}],"author":[{"embeddable":true,"href":"https:\/\/www.tuseichholzremmighausen.de\/wordpress\/wp-json\/wp\/v2\/users\/14"}],"replies":[{"embeddable":true,"href":"https:\/\/www.tuseichholzremmighausen.de\/wordpress\/wp-json\/wp\/v2\/comments?post=9060"}],"version-history":[{"count":0,"href":"https:\/\/www.tuseichholzremmighausen.de\/wordpress\/wp-json\/wp\/v2\/posts\/9060\/revisions"}],"wp:featuredmedia":[{"embeddable":true,"href":"https:\/\/www.tuseichholzremmighausen.de\/wordpress\/wp-json\/wp\/v2\/media\/9099"}],"wp:attachment":[{"href":"https:\/\/www.tuseichholzremmighausen.de\/wordpress\/wp-json\/wp\/v2\/media?parent=9060"}],"wp:term":[{"taxonomy":"category","embeddable":true,"href":"https:\/\/www.tuseichholzremmighausen.de\/wordpress\/wp-json\/wp\/v2\/categories?post=9060"},{"taxonomy":"post_tag","embeddable":true,"href":"https:\/\/www.tuseichholzremmighausen.de\/wordpress\/wp-json\/wp\/v2\/tags?post=9060"}],"curies":[{"name":"wp","href":"https:\/\/api.w.org\/{rel}","templated":true}]}}