{"id":9251,"date":"2016-09-03T23:27:45","date_gmt":"2016-09-03T21:27:45","guid":{"rendered":"http:\/\/www.tuseichholzremmighausen.de\/wordpress\/?p=9251"},"modified":"2020-09-11T20:35:09","modified_gmt":"2020-09-11T18:35:09","slug":"harald-husemann-gedaechtnispokal","status":"publish","type":"post","link":"https:\/\/www.tuseichholzremmighausen.de\/wordpress\/archives\/9251","title":{"rendered":"Harald-Husemann-Ged\u00e4chtnispokal"},"content":{"rendered":"<p>Bei dem sch\u00f6nen Sp\u00e4tsommerwetter f\u00fcllten sich am Samstagnachmittag auch allm\u00e4hlich die Zuschauerr\u00e4nge, als nach und nach 10 AH Mannschaften zum Harald-Husemann-Ged\u00e4chtnispokal\u00a0 2016 antraten. Internationalen Anstrich erhielt dieses Turnier durch die Teilnahme der 2 luxemburgischen Mannschaften und der Mannschaft des SC Paderborn &#8211; leider musste der DSC Arminia Bielefeld kurzfristig absagen.<\/p>\n<figure id=\"attachment_9254\" aria-describedby=\"caption-attachment-9254\" style=\"width: 800px\" class=\"wp-caption alignnone\"><a href=\"https:\/\/www.tuseichholzremmighausen.de\/wordpress\/archives\/9251\/fb_ah_sportfest_3_01\" rel=\"attachment wp-att-9254\"><img data-recalc-dims=\"1\" loading=\"lazy\" decoding=\"async\" data-attachment-id=\"9254\" data-permalink=\"https:\/\/www.tuseichholzremmighausen.de\/wordpress\/archives\/9251\/fb_ah_sportfest_3_01\" data-orig-file=\"https:\/\/i0.wp.com\/www.tuseichholzremmighausen.de\/wordpress\/wp-content\/uploads\/2016\/09\/fb_AH_Sportfest_3_01.jpg?fit=800%2C533&amp;ssl=1\" data-orig-size=\"800,533\" data-comments-opened=\"0\" data-image-meta=\"{&quot;aperture&quot;:&quot;4.5&quot;,&quot;credit&quot;:&quot;&quot;,&quot;camera&quot;:&quot;NIKON D90&quot;,&quot;caption&quot;:&quot;&quot;,&quot;created_timestamp&quot;:&quot;1472921703&quot;,&quot;copyright&quot;:&quot;&quot;,&quot;focal_length&quot;:&quot;90&quot;,&quot;iso&quot;:&quot;400&quot;,&quot;shutter_speed&quot;:&quot;0.0015625&quot;,&quot;title&quot;:&quot;&quot;,&quot;orientation&quot;:&quot;1&quot;}\" data-image-title=\"fb_AH_Sportfest_3_01\" data-image-description=\"\" data-image-caption=\"&lt;p&gt;Von den Beinen gwholt &amp;#8211; der 9meter zum 3:0 entschied das Endspiel&lt;\/p&gt;\n\" data-large-file=\"https:\/\/i0.wp.com\/www.tuseichholzremmighausen.de\/wordpress\/wp-content\/uploads\/2016\/09\/fb_AH_Sportfest_3_01.jpg?fit=800%2C533&amp;ssl=1\" class=\"wp-image-9254 size-full\" src=\"https:\/\/i0.wp.com\/www.tuseichholzremmighausen.de\/wordpress\/wp-content\/uploads\/2016\/09\/fb_AH_Sportfest_3_01.jpg?resize=800%2C533&#038;ssl=1\" alt=\"Von den Beinen geholt - der 9meter zum 3:0 entschied das Endspiel\" width=\"800\" height=\"533\" srcset=\"https:\/\/i0.wp.com\/www.tuseichholzremmighausen.de\/wordpress\/wp-content\/uploads\/2016\/09\/fb_AH_Sportfest_3_01.jpg?w=800&amp;ssl=1 800w, https:\/\/i0.wp.com\/www.tuseichholzremmighausen.de\/wordpress\/wp-content\/uploads\/2016\/09\/fb_AH_Sportfest_3_01.jpg?resize=600%2C400&amp;ssl=1 600w, https:\/\/i0.wp.com\/www.tuseichholzremmighausen.de\/wordpress\/wp-content\/uploads\/2016\/09\/fb_AH_Sportfest_3_01.jpg?resize=300%2C200&amp;ssl=1 300w, https:\/\/i0.wp.com\/www.tuseichholzremmighausen.de\/wordpress\/wp-content\/uploads\/2016\/09\/fb_AH_Sportfest_3_01.jpg?resize=768%2C512&amp;ssl=1 768w\" sizes=\"auto, (max-width: 800px) 100vw, 800px\" \/><\/a><figcaption id=\"caption-attachment-9254\" class=\"wp-caption-text\">Von den Beinen geholt &#8211; der 9meter zum 3:0 entschied das Endspiel<\/figcaption><\/figure>\n<p>Es wurde in 2 Gruppen (jeder gegen jeden) bei einer Spieldauer von 12 Minuten gespielt. Folgende Mannschaften sehen wir gerne auch n\u00e4chstes Jahr wieder: SuS Pivitsheide &#8211; FC Donop\/Vo\u00dfheide &#8211; VfB Salzkotten &#8211; TSV Oerlinghausen &#8211; SC Bettembourg &#8211; SC Paderborn &#8211; SC Lemgo-West &#8211; FC N\u00f6tzingen &#8211; SV Steinheim und der Gastgeber TuS Eichholz-Remmighausen.<\/p>\n<figure id=\"attachment_9255\" aria-describedby=\"caption-attachment-9255\" style=\"width: 800px\" class=\"wp-caption alignleft\"><a href=\"https:\/\/www.tuseichholzremmighausen.de\/wordpress\/archives\/9251\/fb_ah_sportfest_3_02\" rel=\"attachment wp-att-9255\"><img data-recalc-dims=\"1\" loading=\"lazy\" decoding=\"async\" data-attachment-id=\"9255\" data-permalink=\"https:\/\/www.tuseichholzremmighausen.de\/wordpress\/archives\/9251\/fb_ah_sportfest_3_02\" data-orig-file=\"https:\/\/i0.wp.com\/www.tuseichholzremmighausen.de\/wordpress\/wp-content\/uploads\/2016\/09\/fb_AH_Sportfest_3_02.jpg?fit=800%2C533&amp;ssl=1\" data-orig-size=\"800,533\" data-comments-opened=\"0\" data-image-meta=\"{&quot;aperture&quot;:&quot;3.5&quot;,&quot;credit&quot;:&quot;&quot;,&quot;camera&quot;:&quot;NIKON D90&quot;,&quot;caption&quot;:&quot;&quot;,&quot;created_timestamp&quot;:&quot;1472922085&quot;,&quot;copyright&quot;:&quot;&quot;,&quot;focal_length&quot;:&quot;28&quot;,&quot;iso&quot;:&quot;400&quot;,&quot;shutter_speed&quot;:&quot;0.000625&quot;,&quot;title&quot;:&quot;&quot;,&quot;orientation&quot;:&quot;1&quot;}\" data-image-title=\"fb_AH_Sportfest_3_02\" data-image-description=\"\" data-image-caption=\"&lt;p&gt;Jede teilnehmende Mannschaft erhielt einen Pokal und einen Gutschein &amp;#8211; hier der drittplazierte &amp;#8211; TSV Oerlinghausen&lt;\/p&gt;\n\" data-large-file=\"https:\/\/i0.wp.com\/www.tuseichholzremmighausen.de\/wordpress\/wp-content\/uploads\/2016\/09\/fb_AH_Sportfest_3_02.jpg?fit=800%2C533&amp;ssl=1\" class=\"size-full wp-image-9255\" src=\"https:\/\/i0.wp.com\/www.tuseichholzremmighausen.de\/wordpress\/wp-content\/uploads\/2016\/09\/fb_AH_Sportfest_3_02.jpg?resize=800%2C533&#038;ssl=1\" alt=\"Jede teilnehmende Mannschaft erhielt einen Pokal und einen Gutschein - hier der drittplazierte - TSV Oerlinghausen\" width=\"800\" height=\"533\" srcset=\"https:\/\/i0.wp.com\/www.tuseichholzremmighausen.de\/wordpress\/wp-content\/uploads\/2016\/09\/fb_AH_Sportfest_3_02.jpg?w=800&amp;ssl=1 800w, https:\/\/i0.wp.com\/www.tuseichholzremmighausen.de\/wordpress\/wp-content\/uploads\/2016\/09\/fb_AH_Sportfest_3_02.jpg?resize=600%2C400&amp;ssl=1 600w, https:\/\/i0.wp.com\/www.tuseichholzremmighausen.de\/wordpress\/wp-content\/uploads\/2016\/09\/fb_AH_Sportfest_3_02.jpg?resize=300%2C200&amp;ssl=1 300w, https:\/\/i0.wp.com\/www.tuseichholzremmighausen.de\/wordpress\/wp-content\/uploads\/2016\/09\/fb_AH_Sportfest_3_02.jpg?resize=768%2C512&amp;ssl=1 768w\" sizes=\"auto, (max-width: 800px) 100vw, 800px\" \/><\/a><figcaption id=\"caption-attachment-9255\" class=\"wp-caption-text\">Jede teilnehmende Mannschaft erhielt einen Pokal und einen Gutschein &#8211; hier der drittplazierte &#8211; TSV Oerlinghausen<\/figcaption><\/figure>\n<p>Im Endspiel standen sich der SC Paderborn und der TuS Eichholz-Remmighausen gegen\u00fcber. Der SC war mit 21:0 Toren durch die Gruppenphase marschiert und hatte dabei auch den TuS besiegt. Mit einer taktischen Meisterleistung gelang es, den SC Paderborn weitgehend aus dem Spiel zu nehmen und durch gutes Konterspiel selbst 2 Tore zu erzielen und einen 9meter zu verwandeln. Gl\u00fcckwunsch an den TuS!<\/p>\n<figure id=\"attachment_9252\" aria-describedby=\"caption-attachment-9252\" style=\"width: 800px\" class=\"wp-caption alignleft\"><a href=\"https:\/\/www.tuseichholzremmighausen.de\/wordpress\/archives\/9251\/fb_ah_sportfest_3_03\" rel=\"attachment wp-att-9252\"><img data-recalc-dims=\"1\" loading=\"lazy\" decoding=\"async\" data-attachment-id=\"9252\" data-permalink=\"https:\/\/www.tuseichholzremmighausen.de\/wordpress\/archives\/9251\/fb_ah_sportfest_3_03\" data-orig-file=\"https:\/\/i0.wp.com\/www.tuseichholzremmighausen.de\/wordpress\/wp-content\/uploads\/2016\/09\/fb_AH_Sportfest_3_03.jpg?fit=800%2C533&amp;ssl=1\" data-orig-size=\"800,533\" data-comments-opened=\"0\" data-image-meta=\"{&quot;aperture&quot;:&quot;6.3&quot;,&quot;credit&quot;:&quot;&quot;,&quot;camera&quot;:&quot;NIKON D90&quot;,&quot;caption&quot;:&quot;&quot;,&quot;created_timestamp&quot;:&quot;1472922157&quot;,&quot;copyright&quot;:&quot;&quot;,&quot;focal_length&quot;:&quot;28&quot;,&quot;iso&quot;:&quot;400&quot;,&quot;shutter_speed&quot;:&quot;0.0008&quot;,&quot;title&quot;:&quot;&quot;,&quot;orientation&quot;:&quot;1&quot;}\" data-image-title=\"fb_AH_Sportfest_3_03\" data-image-description=\"\" data-image-caption=\"&lt;p&gt;Die gl\u00fccklichen Sieger des Pokalturniers, diesmal behalten wir den Pkol am Platz!  &lt;\/p&gt;\n\" data-large-file=\"https:\/\/i0.wp.com\/www.tuseichholzremmighausen.de\/wordpress\/wp-content\/uploads\/2016\/09\/fb_AH_Sportfest_3_03.jpg?fit=800%2C533&amp;ssl=1\" class=\"size-full wp-image-9252\" src=\"https:\/\/i0.wp.com\/www.tuseichholzremmighausen.de\/wordpress\/wp-content\/uploads\/2016\/09\/fb_AH_Sportfest_3_03.jpg?resize=800%2C533&#038;ssl=1\" alt=\"Die gl\u00fccklichen Sieger des Pokalturniers, diesmal behalten wir den Pkol am Platz! \" width=\"800\" height=\"533\" srcset=\"https:\/\/i0.wp.com\/www.tuseichholzremmighausen.de\/wordpress\/wp-content\/uploads\/2016\/09\/fb_AH_Sportfest_3_03.jpg?w=800&amp;ssl=1 800w, https:\/\/i0.wp.com\/www.tuseichholzremmighausen.de\/wordpress\/wp-content\/uploads\/2016\/09\/fb_AH_Sportfest_3_03.jpg?resize=600%2C400&amp;ssl=1 600w, https:\/\/i0.wp.com\/www.tuseichholzremmighausen.de\/wordpress\/wp-content\/uploads\/2016\/09\/fb_AH_Sportfest_3_03.jpg?resize=300%2C200&amp;ssl=1 300w, https:\/\/i0.wp.com\/www.tuseichholzremmighausen.de\/wordpress\/wp-content\/uploads\/2016\/09\/fb_AH_Sportfest_3_03.jpg?resize=768%2C512&amp;ssl=1 768w\" sizes=\"auto, (max-width: 800px) 100vw, 800px\" \/><\/a><figcaption id=\"caption-attachment-9252\" class=\"wp-caption-text\">Die gl\u00fccklichen Sieger des Pokalturniers, diesmal behalten wir den Pokal am Platz!<\/figcaption><\/figure>\n","protected":false},"excerpt":{"rendered":"<p>Bei dem sch\u00f6nen Sp\u00e4tsommerwetter f\u00fcllten sich am Samstagnachmittag auch allm\u00e4hlich die Zuschauerr\u00e4nge, als nach und nach 10 AH Mannschaften zum<\/p>\n","protected":false},"author":2,"featured_media":9253,"comment_status":"closed","ping_status":"open","sticky":false,"template":"","format":"standard","meta":{"colormag_page_container_layout":"default_layout","colormag_page_sidebar_layout":"default_layout","_jetpack_memberships_contains_paid_content":false,"footnotes":"","jetpack_publicize_message":"Ausspielung des Harald-Husemann-Ged\u00e4chtnispokals im Rahmen des AH-Sportfestes des TuS Eichholz-Remmighausen","jetpack_publicize_feature_enabled":true,"jetpack_social_post_already_shared":true,"jetpack_social_options":{"image_generator_settings":{"template":"highway","default_image_id":0,"font":"","enabled":false},"version":2}},"categories":[157],"tags":[],"class_list":["post-9251","post","type-post","status-publish","format-standard","has-post-thumbnail","hentry","category-archiv"],"jetpack_publicize_connections":[],"jetpack_featured_media_url":"https:\/\/i0.wp.com\/www.tuseichholzremmighausen.de\/wordpress\/wp-content\/uploads\/2016\/09\/fb_AH_Sportfest_3_titel.jpg?fit=800%2C445&ssl=1","jetpack_sharing_enabled":false,"_links":{"self":[{"href":"https:\/\/www.tuseichholzremmighausen.de\/wordpress\/wp-json\/wp\/v2\/posts\/9251","targetHints":{"allow":["GET"]}}],"collection":[{"href":"https:\/\/www.tuseichholzremmighausen.de\/wordpress\/wp-json\/wp\/v2\/posts"}],"about":[{"href":"https:\/\/www.tuseichholzremmighausen.de\/wordpress\/wp-json\/wp\/v2\/types\/post"}],"author":[{"embeddable":true,"href":"https:\/\/www.tuseichholzremmighausen.de\/wordpress\/wp-json\/wp\/v2\/users\/2"}],"replies":[{"embeddable":true,"href":"https:\/\/www.tuseichholzremmighausen.de\/wordpress\/wp-json\/wp\/v2\/comments?post=9251"}],"version-history":[{"count":0,"href":"https:\/\/www.tuseichholzremmighausen.de\/wordpress\/wp-json\/wp\/v2\/posts\/9251\/revisions"}],"wp:featuredmedia":[{"embeddable":true,"href":"https:\/\/www.tuseichholzremmighausen.de\/wordpress\/wp-json\/wp\/v2\/media\/9253"}],"wp:attachment":[{"href":"https:\/\/www.tuseichholzremmighausen.de\/wordpress\/wp-json\/wp\/v2\/media?parent=9251"}],"wp:term":[{"taxonomy":"category","embeddable":true,"href":"https:\/\/www.tuseichholzremmighausen.de\/wordpress\/wp-json\/wp\/v2\/categories?post=9251"},{"taxonomy":"post_tag","embeddable":true,"href":"https:\/\/www.tuseichholzremmighausen.de\/wordpress\/wp-json\/wp\/v2\/tags?post=9251"}],"curies":[{"name":"wp","href":"https:\/\/api.w.org\/{rel}","templated":true}]}}