{"id":9372,"date":"2016-10-09T11:18:29","date_gmt":"2016-10-09T09:18:29","guid":{"rendered":"http:\/\/www.tuseichholzremmighausen.de\/wordpress\/?p=9372"},"modified":"2020-09-11T20:35:09","modified_gmt":"2020-09-11T18:35:09","slug":"ein-tag-im-vogelpark-minikicker-auf-tour","status":"publish","type":"post","link":"https:\/\/www.tuseichholzremmighausen.de\/wordpress\/archives\/9372","title":{"rendered":"Ein Tag im Vogelpark! Minikicker auf Tour"},"content":{"rendered":"<figure id=\"attachment_9374\" aria-describedby=\"caption-attachment-9374\" style=\"width: 1200px\" class=\"wp-caption alignnone\"><img data-recalc-dims=\"1\" loading=\"lazy\" decoding=\"async\" data-attachment-id=\"9374\" data-permalink=\"https:\/\/www.tuseichholzremmighausen.de\/wordpress\/archives\/9372\/fb_minis_161009_02\" data-orig-file=\"https:\/\/i0.wp.com\/www.tuseichholzremmighausen.de\/wordpress\/wp-content\/uploads\/2016\/10\/fb_minis_161009_02.jpg?fit=1200%2C800&amp;ssl=1\" data-orig-size=\"1200,800\" data-comments-opened=\"0\" data-image-meta=\"{&quot;aperture&quot;:&quot;4.5&quot;,&quot;credit&quot;:&quot;&quot;,&quot;camera&quot;:&quot;COOLPIX S2900&quot;,&quot;caption&quot;:&quot;&quot;,&quot;created_timestamp&quot;:&quot;1475851330&quot;,&quot;copyright&quot;:&quot;&quot;,&quot;focal_length&quot;:&quot;8.8&quot;,&quot;iso&quot;:&quot;125&quot;,&quot;shutter_speed&quot;:&quot;0.033333333333333&quot;,&quot;title&quot;:&quot;&quot;,&quot;orientation&quot;:&quot;1&quot;}\" data-image-title=\"fb_minis_161009_02\" data-image-description=\"\" data-image-caption=\"&lt;p&gt;Minis mal abseits vom Fu\u00dfballplatz&lt;\/p&gt;\n\" data-large-file=\"https:\/\/i0.wp.com\/www.tuseichholzremmighausen.de\/wordpress\/wp-content\/uploads\/2016\/10\/fb_minis_161009_02.jpg?fit=800%2C534&amp;ssl=1\" class=\"size-full wp-image-9374\" src=\"https:\/\/i0.wp.com\/www.tuseichholzremmighausen.de\/wordpress\/wp-content\/uploads\/2016\/10\/fb_minis_161009_02.jpg?resize=800%2C533&#038;ssl=1\" alt=\"Minis mal abseits vom Fu\u00dfballplatz\" width=\"800\" height=\"533\" srcset=\"https:\/\/i0.wp.com\/www.tuseichholzremmighausen.de\/wordpress\/wp-content\/uploads\/2016\/10\/fb_minis_161009_02.jpg?w=1200&amp;ssl=1 1200w, https:\/\/i0.wp.com\/www.tuseichholzremmighausen.de\/wordpress\/wp-content\/uploads\/2016\/10\/fb_minis_161009_02.jpg?resize=600%2C400&amp;ssl=1 600w, https:\/\/i0.wp.com\/www.tuseichholzremmighausen.de\/wordpress\/wp-content\/uploads\/2016\/10\/fb_minis_161009_02.jpg?resize=300%2C200&amp;ssl=1 300w, https:\/\/i0.wp.com\/www.tuseichholzremmighausen.de\/wordpress\/wp-content\/uploads\/2016\/10\/fb_minis_161009_02.jpg?resize=768%2C512&amp;ssl=1 768w, https:\/\/i0.wp.com\/www.tuseichholzremmighausen.de\/wordpress\/wp-content\/uploads\/2016\/10\/fb_minis_161009_02.jpg?resize=1024%2C683&amp;ssl=1 1024w\" sizes=\"auto, (max-width: 800px) 100vw, 800px\" \/><figcaption id=\"caption-attachment-9374\" class=\"wp-caption-text\">Minis mal abseits vom Fu\u00dfballplatz<\/figcaption><\/figure>\n<p>Der letzte Trainingstag vor den Herbstferien verlegten wir in den Vogelpark Heiligenkirchen. Dort wurde der Tierpfleger, der mit uns die F\u00fctterungsrunde durch den Park machte in Manndeckung genommen. Egal was er versuchte (lebendige Mehlw\u00fcrmer in die H\u00e4nde dr\u00fccken, oder tote Fische) und sogar als er einen Mehlwurm selber a\u00df, die Kinder wichen ihm keinen Zentimeter von der Seite. Auch das kleine H\u00fchnerk\u00fcken, das erst ein paar Stunden alt war, wird diesen Tag genau so wenig vergessen wie wir.<\/p>\n<figure id=\"attachment_9373\" aria-describedby=\"caption-attachment-9373\" style=\"width: 1200px\" class=\"wp-caption alignnone\"><img data-recalc-dims=\"1\" loading=\"lazy\" decoding=\"async\" data-attachment-id=\"9373\" data-permalink=\"https:\/\/www.tuseichholzremmighausen.de\/wordpress\/archives\/9372\/fb_minis_161009_03\" data-orig-file=\"https:\/\/i0.wp.com\/www.tuseichholzremmighausen.de\/wordpress\/wp-content\/uploads\/2016\/10\/fb_minis_161009_03.jpg?fit=1200%2C800&amp;ssl=1\" data-orig-size=\"1200,800\" data-comments-opened=\"0\" data-image-meta=\"{&quot;aperture&quot;:&quot;3.2&quot;,&quot;credit&quot;:&quot;&quot;,&quot;camera&quot;:&quot;COOLPIX S2900&quot;,&quot;caption&quot;:&quot;&quot;,&quot;created_timestamp&quot;:&quot;1475849244&quot;,&quot;copyright&quot;:&quot;&quot;,&quot;focal_length&quot;:&quot;4.6&quot;,&quot;iso&quot;:&quot;80&quot;,&quot;shutter_speed&quot;:&quot;0.033333333333333&quot;,&quot;title&quot;:&quot;&quot;,&quot;orientation&quot;:&quot;1&quot;}\" data-image-title=\"fb_minis_161009_03\" data-image-description=\"\" data-image-caption=\"&lt;p&gt;Minis on Tour&lt;\/p&gt;\n\" data-large-file=\"https:\/\/i0.wp.com\/www.tuseichholzremmighausen.de\/wordpress\/wp-content\/uploads\/2016\/10\/fb_minis_161009_03.jpg?fit=800%2C534&amp;ssl=1\" class=\"size-full wp-image-9373\" src=\"https:\/\/i0.wp.com\/www.tuseichholzremmighausen.de\/wordpress\/wp-content\/uploads\/2016\/10\/fb_minis_161009_03.jpg?resize=800%2C533&#038;ssl=1\" alt=\"Minis on Tour\" width=\"800\" height=\"533\" srcset=\"https:\/\/i0.wp.com\/www.tuseichholzremmighausen.de\/wordpress\/wp-content\/uploads\/2016\/10\/fb_minis_161009_03.jpg?w=1200&amp;ssl=1 1200w, https:\/\/i0.wp.com\/www.tuseichholzremmighausen.de\/wordpress\/wp-content\/uploads\/2016\/10\/fb_minis_161009_03.jpg?resize=600%2C400&amp;ssl=1 600w, https:\/\/i0.wp.com\/www.tuseichholzremmighausen.de\/wordpress\/wp-content\/uploads\/2016\/10\/fb_minis_161009_03.jpg?resize=300%2C200&amp;ssl=1 300w, https:\/\/i0.wp.com\/www.tuseichholzremmighausen.de\/wordpress\/wp-content\/uploads\/2016\/10\/fb_minis_161009_03.jpg?resize=768%2C512&amp;ssl=1 768w, https:\/\/i0.wp.com\/www.tuseichholzremmighausen.de\/wordpress\/wp-content\/uploads\/2016\/10\/fb_minis_161009_03.jpg?resize=1024%2C683&amp;ssl=1 1024w\" sizes=\"auto, (max-width: 800px) 100vw, 800px\" \/><figcaption id=\"caption-attachment-9373\" class=\"wp-caption-text\">Minis on Tour<\/figcaption><\/figure>\n<p>Vielen Dank auch an die M\u00fctter, die Phillip und mich unterst\u00fctzt haben, denn so waren alle nach 2 Stunden wieder am Ausgang. Ein paar zus\u00e4tzliche Bilder gibt\u00b4s hier: <a href=\"https:\/\/www.facebook.com\/TuS-Eichholz-Remmighausen-193455534010154\/photos\/?tab=album&amp;album_id=1221232584565772\" target=\"_blank\" rel=\"noopener noreferrer\">KLICK \ud83d\ude09<\/a><\/p>\n","protected":false},"excerpt":{"rendered":"<p>Der letzte Trainingstag vor den Herbstferien verlegten wir in den Vogelpark Heiligenkirchen.<\/p>\n","protected":false},"author":46,"featured_media":9373,"comment_status":"closed","ping_status":"open","sticky":false,"template":"","format":"standard","meta":{"colormag_page_container_layout":"default_layout","colormag_page_sidebar_layout":"default_layout","_jetpack_memberships_contains_paid_content":false,"footnotes":"","jetpack_publicize_message":"","jetpack_publicize_feature_enabled":true,"jetpack_social_post_already_shared":true,"jetpack_social_options":{"image_generator_settings":{"template":"highway","default_image_id":0,"font":"","enabled":false},"version":2}},"categories":[157,158],"tags":[],"class_list":["post-9372","post","type-post","status-publish","format-standard","has-post-thumbnail","hentry","category-archiv","category-fb-jugend-aktuell"],"jetpack_publicize_connections":[],"jetpack_featured_media_url":"https:\/\/i0.wp.com\/www.tuseichholzremmighausen.de\/wordpress\/wp-content\/uploads\/2016\/10\/fb_minis_161009_03.jpg?fit=1200%2C800&ssl=1","jetpack_sharing_enabled":true,"_links":{"self":[{"href":"https:\/\/www.tuseichholzremmighausen.de\/wordpress\/wp-json\/wp\/v2\/posts\/9372","targetHints":{"allow":["GET"]}}],"collection":[{"href":"https:\/\/www.tuseichholzremmighausen.de\/wordpress\/wp-json\/wp\/v2\/posts"}],"about":[{"href":"https:\/\/www.tuseichholzremmighausen.de\/wordpress\/wp-json\/wp\/v2\/types\/post"}],"author":[{"embeddable":true,"href":"https:\/\/www.tuseichholzremmighausen.de\/wordpress\/wp-json\/wp\/v2\/users\/46"}],"replies":[{"embeddable":true,"href":"https:\/\/www.tuseichholzremmighausen.de\/wordpress\/wp-json\/wp\/v2\/comments?post=9372"}],"version-history":[{"count":0,"href":"https:\/\/www.tuseichholzremmighausen.de\/wordpress\/wp-json\/wp\/v2\/posts\/9372\/revisions"}],"wp:featuredmedia":[{"embeddable":true,"href":"https:\/\/www.tuseichholzremmighausen.de\/wordpress\/wp-json\/wp\/v2\/media\/9373"}],"wp:attachment":[{"href":"https:\/\/www.tuseichholzremmighausen.de\/wordpress\/wp-json\/wp\/v2\/media?parent=9372"}],"wp:term":[{"taxonomy":"category","embeddable":true,"href":"https:\/\/www.tuseichholzremmighausen.de\/wordpress\/wp-json\/wp\/v2\/categories?post=9372"},{"taxonomy":"post_tag","embeddable":true,"href":"https:\/\/www.tuseichholzremmighausen.de\/wordpress\/wp-json\/wp\/v2\/tags?post=9372"}],"curies":[{"name":"wp","href":"https:\/\/api.w.org\/{rel}","templated":true}]}}