{"id":9433,"date":"2016-11-19T22:40:54","date_gmt":"2016-11-19T21:40:54","guid":{"rendered":"http:\/\/www.tuseichholzremmighausen.de\/wordpress\/?p=9433"},"modified":"2020-09-11T20:35:08","modified_gmt":"2020-09-11T18:35:08","slug":"c-junioren-unterliegen-dem-csl-detmold","status":"publish","type":"post","link":"https:\/\/www.tuseichholzremmighausen.de\/wordpress\/archives\/9433","title":{"rendered":"C-Junioren unterliegen dem CSL Detmold"},"content":{"rendered":"<p>In einem umk\u00e4mpften Spiel unterlagen die Sch\u00fctzlinge von Dirk Gr\u00f6ne im Heimspiel mit 0:2 gegen den CSL Detmold. Die Einstellung stimmte! Den gegnerischen Torwart konnte man aber nicht einmal im Spielverlauf ernsthaft in Gefahr bringen.<\/p>\n<figure id=\"attachment_9437\" aria-describedby=\"caption-attachment-9437\" style=\"width: 1080px\" class=\"wp-caption alignleft\"><a href=\"https:\/\/www.tuseichholzremmighausen.de\/wordpress\/archives\/9433\/fb_161119_c_junioren_02\" rel=\"attachment wp-att-9437\"><img data-recalc-dims=\"1\" loading=\"lazy\" decoding=\"async\" data-attachment-id=\"9437\" data-permalink=\"https:\/\/www.tuseichholzremmighausen.de\/wordpress\/archives\/9433\/fb_161119_c_junioren_02\" data-orig-file=\"https:\/\/i0.wp.com\/www.tuseichholzremmighausen.de\/wordpress\/wp-content\/uploads\/2016\/11\/fb_161119_c_junioren_02.jpg?fit=1080%2C719&amp;ssl=1\" data-orig-size=\"1080,719\" data-comments-opened=\"0\" data-image-meta=\"{&quot;aperture&quot;:&quot;4.5&quot;,&quot;credit&quot;:&quot;&quot;,&quot;camera&quot;:&quot;NIKON D90&quot;,&quot;caption&quot;:&quot;&quot;,&quot;created_timestamp&quot;:&quot;1479568454&quot;,&quot;copyright&quot;:&quot;&quot;,&quot;focal_length&quot;:&quot;56&quot;,&quot;iso&quot;:&quot;800&quot;,&quot;shutter_speed&quot;:&quot;0.0015625&quot;,&quot;title&quot;:&quot;&quot;,&quot;orientation&quot;:&quot;1&quot;}\" data-image-title=\"fb_161119_c_junioren_02\" data-image-description=\"\" data-image-caption=\"&lt;p&gt;Elfmeter f\u00fcr CLS, den der TuS Torwart aber fabelhaft abwerte!&lt;\/p&gt;\n\" data-large-file=\"https:\/\/i0.wp.com\/www.tuseichholzremmighausen.de\/wordpress\/wp-content\/uploads\/2016\/11\/fb_161119_c_junioren_02.jpg?fit=800%2C533&amp;ssl=1\" class=\"size-full wp-image-9437\" src=\"https:\/\/i0.wp.com\/www.tuseichholzremmighausen.de\/wordpress\/wp-content\/uploads\/2016\/11\/fb_161119_c_junioren_02.jpg?resize=800%2C533&#038;ssl=1\" alt=\"Elfmeter f\u00fcr CLS, den der TuS Torwart aber fabelhaft abwerte!\" width=\"800\" height=\"533\" srcset=\"https:\/\/i0.wp.com\/www.tuseichholzremmighausen.de\/wordpress\/wp-content\/uploads\/2016\/11\/fb_161119_c_junioren_02.jpg?w=1080&amp;ssl=1 1080w, https:\/\/i0.wp.com\/www.tuseichholzremmighausen.de\/wordpress\/wp-content\/uploads\/2016\/11\/fb_161119_c_junioren_02.jpg?resize=600%2C399&amp;ssl=1 600w, https:\/\/i0.wp.com\/www.tuseichholzremmighausen.de\/wordpress\/wp-content\/uploads\/2016\/11\/fb_161119_c_junioren_02.jpg?resize=300%2C200&amp;ssl=1 300w, https:\/\/i0.wp.com\/www.tuseichholzremmighausen.de\/wordpress\/wp-content\/uploads\/2016\/11\/fb_161119_c_junioren_02.jpg?resize=768%2C511&amp;ssl=1 768w, https:\/\/i0.wp.com\/www.tuseichholzremmighausen.de\/wordpress\/wp-content\/uploads\/2016\/11\/fb_161119_c_junioren_02.jpg?resize=1024%2C682&amp;ssl=1 1024w\" sizes=\"auto, (max-width: 800px) 100vw, 800px\" \/><\/a><figcaption id=\"caption-attachment-9437\" class=\"wp-caption-text\">Elfmeter f\u00fcr CLS, den der TuS Torwart aber fabelhaft abwerte!<\/figcaption><\/figure>\n<p>Wenn ich das Spiel mit zwei S\u00e4tzen schildern m\u00fcsste, dann w\u00fcrde ich sagen: CLS lie\u00df den Ball laufen &#8211; der TuS lief mit dem Ball. Das ist nicht b\u00f6se gemeint, Potential ist durchaus vorhanden!<\/p>\n","protected":false},"excerpt":{"rendered":"<p>In einem umk\u00e4mpften Spiel unterlagen die Sch\u00fctzlinge von Dirk Gr\u00f6ne im Heimspiel mit 0:2 gegen den CSL Detmold. Die Einstellung<\/p>\n","protected":false},"author":2,"featured_media":9436,"comment_status":"closed","ping_status":"open","sticky":false,"template":"","format":"standard","meta":{"colormag_page_container_layout":"default_layout","colormag_page_sidebar_layout":"default_layout","_jetpack_memberships_contains_paid_content":false,"footnotes":"","jetpack_publicize_message":"","jetpack_publicize_feature_enabled":true,"jetpack_social_post_already_shared":true,"jetpack_social_options":{"image_generator_settings":{"template":"highway","default_image_id":0,"font":"","enabled":false},"version":2}},"categories":[157,158],"tags":[],"class_list":["post-9433","post","type-post","status-publish","format-standard","has-post-thumbnail","hentry","category-archiv","category-fb-jugend-aktuell"],"jetpack_publicize_connections":[],"jetpack_featured_media_url":"https:\/\/i0.wp.com\/www.tuseichholzremmighausen.de\/wordpress\/wp-content\/uploads\/2016\/11\/fb_161119_c_junioren_01.jpg?fit=800%2C445&ssl=1","jetpack_sharing_enabled":false,"_links":{"self":[{"href":"https:\/\/www.tuseichholzremmighausen.de\/wordpress\/wp-json\/wp\/v2\/posts\/9433","targetHints":{"allow":["GET"]}}],"collection":[{"href":"https:\/\/www.tuseichholzremmighausen.de\/wordpress\/wp-json\/wp\/v2\/posts"}],"about":[{"href":"https:\/\/www.tuseichholzremmighausen.de\/wordpress\/wp-json\/wp\/v2\/types\/post"}],"author":[{"embeddable":true,"href":"https:\/\/www.tuseichholzremmighausen.de\/wordpress\/wp-json\/wp\/v2\/users\/2"}],"replies":[{"embeddable":true,"href":"https:\/\/www.tuseichholzremmighausen.de\/wordpress\/wp-json\/wp\/v2\/comments?post=9433"}],"version-history":[{"count":0,"href":"https:\/\/www.tuseichholzremmighausen.de\/wordpress\/wp-json\/wp\/v2\/posts\/9433\/revisions"}],"wp:featuredmedia":[{"embeddable":true,"href":"https:\/\/www.tuseichholzremmighausen.de\/wordpress\/wp-json\/wp\/v2\/media\/9436"}],"wp:attachment":[{"href":"https:\/\/www.tuseichholzremmighausen.de\/wordpress\/wp-json\/wp\/v2\/media?parent=9433"}],"wp:term":[{"taxonomy":"category","embeddable":true,"href":"https:\/\/www.tuseichholzremmighausen.de\/wordpress\/wp-json\/wp\/v2\/categories?post=9433"},{"taxonomy":"post_tag","embeddable":true,"href":"https:\/\/www.tuseichholzremmighausen.de\/wordpress\/wp-json\/wp\/v2\/tags?post=9433"}],"curies":[{"name":"wp","href":"https:\/\/api.w.org\/{rel}","templated":true}]}}