{"id":9533,"date":"2017-02-01T16:14:14","date_gmt":"2017-02-01T15:14:14","guid":{"rendered":"http:\/\/www.tuseichholzremmighausen.de\/wordpress\/?p=9533"},"modified":"2020-09-11T20:35:08","modified_gmt":"2020-09-11T18:35:08","slug":"jhv-2017-des-tus","status":"publish","type":"post","link":"https:\/\/www.tuseichholzremmighausen.de\/wordpress\/archives\/9533","title":{"rendered":"JHV 2017 des TuS"},"content":{"rendered":"<p>Die diesj\u00e4hrige JHV 2017 im Remikenhus war mit 67 Vereinsmitgliedern recht gut besucht. Der Umstand relativiert sich allerdings ein wenig, wenn man bedenkt, dass eine gro\u00dfe Anzahl von Ehrungen anstand.<\/p>\n<figure id=\"attachment_9539\" aria-describedby=\"caption-attachment-9539\" style=\"width: 300px\" class=\"wp-caption alignleft\"><a href=\"https:\/\/www.tuseichholzremmighausen.de\/wordpress\/2017_jhv_02\"><img data-recalc-dims=\"1\" loading=\"lazy\" decoding=\"async\" data-attachment-id=\"9539\" data-permalink=\"https:\/\/www.tuseichholzremmighausen.de\/wordpress\/archives\/9533\/2017_jhv_02\" data-orig-file=\"https:\/\/i0.wp.com\/www.tuseichholzremmighausen.de\/wordpress\/wp-content\/uploads\/2017\/02\/2017_jhv_02.jpg?fit=300%2C199&amp;ssl=1\" data-orig-size=\"300,199\" data-comments-opened=\"0\" data-image-meta=\"{&quot;aperture&quot;:&quot;3.5&quot;,&quot;credit&quot;:&quot;&quot;,&quot;camera&quot;:&quot;NIKON D90&quot;,&quot;caption&quot;:&quot;&quot;,&quot;created_timestamp&quot;:&quot;1485547260&quot;,&quot;copyright&quot;:&quot;&quot;,&quot;focal_length&quot;:&quot;18&quot;,&quot;iso&quot;:&quot;1250&quot;,&quot;shutter_speed&quot;:&quot;0.02&quot;,&quot;title&quot;:&quot;&quot;,&quot;orientation&quot;:&quot;1&quot;}\" data-image-title=\"2017_jhv_02\" data-image-description=\"\" data-image-caption=\"&lt;p&gt;Edith St\u00f6lting&lt;\/p&gt;\n\" data-large-file=\"https:\/\/i0.wp.com\/www.tuseichholzremmighausen.de\/wordpress\/wp-content\/uploads\/2017\/02\/2017_jhv_02.jpg?fit=300%2C199&amp;ssl=1\" class=\"size-full wp-image-9539\" src=\"https:\/\/i0.wp.com\/www.tuseichholzremmighausen.de\/wordpress\/wp-content\/uploads\/2017\/02\/2017_jhv_02.jpg?resize=300%2C199&#038;ssl=1\" alt=\"Edith St\u00f6lting\" height=\"199\" width=\"300\"><\/a><figcaption id=\"caption-attachment-9539\" class=\"wp-caption-text\">Edith St\u00f6lting<\/figcaption><\/figure>\n<p>Aus den insgesamt 36 Ehrungen ist die Ehrung von Edith St\u00f6lting f\u00fcr 70 Jahren Vereinszugeh\u00f6rigkeit sicher besonders hervor zu heben, zumal sie zus\u00e4tzlich noch zum Ehrenmitglied des Vereins ernannt wurde.<\/p>\n<p>Im Ablauf des Abends folgten die Berichte der Abteilungen Fu\u00dfball (Kai Tcheon und Dirk Gr\u00f6ne), Handball (Ramon Berner), Schach (Bernhard Melchior) und TuL (Annette Schwartmann), sowie der Bericht der Vereinsjugend (Carsten Schaefer). Hervorzuheben ist sicher die hervorragende Jugendarbeit (\u00fcber 400 Jugendliche im Verein!) mit durchweg sehr gut ausgebildeten Trainern.<\/p>\n<figure id=\"attachment_9542\" aria-describedby=\"caption-attachment-9542\" style=\"width: 200px\" class=\"wp-caption alignleft\"><a href=\"https:\/\/www.tuseichholzremmighausen.de\/wordpress\/2017_jhv_05\"><img data-recalc-dims=\"1\" loading=\"lazy\" decoding=\"async\" data-attachment-id=\"9542\" data-permalink=\"https:\/\/www.tuseichholzremmighausen.de\/wordpress\/archives\/9533\/2017_jhv_05\" data-orig-file=\"https:\/\/i0.wp.com\/www.tuseichholzremmighausen.de\/wordpress\/wp-content\/uploads\/2017\/02\/2017_jhv_05.jpg?fit=200%2C300&amp;ssl=1\" data-orig-size=\"200,300\" data-comments-opened=\"0\" data-image-meta=\"{&quot;aperture&quot;:&quot;4.5&quot;,&quot;credit&quot;:&quot;&quot;,&quot;camera&quot;:&quot;NIKON D90&quot;,&quot;caption&quot;:&quot;&quot;,&quot;created_timestamp&quot;:&quot;1485548162&quot;,&quot;copyright&quot;:&quot;&quot;,&quot;focal_length&quot;:&quot;35&quot;,&quot;iso&quot;:&quot;1250&quot;,&quot;shutter_speed&quot;:&quot;0.05&quot;,&quot;title&quot;:&quot;&quot;,&quot;orientation&quot;:&quot;1&quot;}\" data-image-title=\"2017_jhv_05\" data-image-description=\"\" data-image-caption=\"&lt;p&gt;Annette Schwartmann&lt;\/p&gt;\n\" data-large-file=\"https:\/\/i0.wp.com\/www.tuseichholzremmighausen.de\/wordpress\/wp-content\/uploads\/2017\/02\/2017_jhv_05.jpg?fit=200%2C300&amp;ssl=1\" class=\"size-full wp-image-9542\" src=\"https:\/\/i0.wp.com\/www.tuseichholzremmighausen.de\/wordpress\/wp-content\/uploads\/2017\/02\/2017_jhv_05.jpg?resize=200%2C300&#038;ssl=1\" alt=\"Annette Schwartmann\" height=\"300\" width=\"200\"><\/a><figcaption id=\"caption-attachment-9542\" class=\"wp-caption-text\">Annette Schwartmann<\/figcaption><\/figure>\n<figure id=\"attachment_9540\" aria-describedby=\"caption-attachment-9540\" style=\"width: 199px\" class=\"wp-caption alignleft\"><a href=\"https:\/\/www.tuseichholzremmighausen.de\/wordpress\/2017_jhv_03\"><img data-recalc-dims=\"1\" loading=\"lazy\" decoding=\"async\" data-attachment-id=\"9540\" data-permalink=\"https:\/\/www.tuseichholzremmighausen.de\/wordpress\/archives\/9533\/2017_jhv_03\" data-orig-file=\"https:\/\/i0.wp.com\/www.tuseichholzremmighausen.de\/wordpress\/wp-content\/uploads\/2017\/02\/2017_jhv_03.jpg?fit=199%2C300&amp;ssl=1\" data-orig-size=\"199,300\" data-comments-opened=\"0\" data-image-meta=\"{&quot;aperture&quot;:&quot;4.5&quot;,&quot;credit&quot;:&quot;&quot;,&quot;camera&quot;:&quot;NIKON D90&quot;,&quot;caption&quot;:&quot;&quot;,&quot;created_timestamp&quot;:&quot;1485549381&quot;,&quot;copyright&quot;:&quot;&quot;,&quot;focal_length&quot;:&quot;35&quot;,&quot;iso&quot;:&quot;1250&quot;,&quot;shutter_speed&quot;:&quot;0.025&quot;,&quot;title&quot;:&quot;&quot;,&quot;orientation&quot;:&quot;1&quot;}\" data-image-title=\"2017_jhv_03\" data-image-description=\"\" data-image-caption=\"&lt;p&gt;Ramon Berner&lt;\/p&gt;\n\" data-large-file=\"https:\/\/i0.wp.com\/www.tuseichholzremmighausen.de\/wordpress\/wp-content\/uploads\/2017\/02\/2017_jhv_03.jpg?fit=199%2C300&amp;ssl=1\" class=\"size-full wp-image-9540\" src=\"https:\/\/i0.wp.com\/www.tuseichholzremmighausen.de\/wordpress\/wp-content\/uploads\/2017\/02\/2017_jhv_03.jpg?resize=199%2C300&#038;ssl=1\" alt=\"Ramon Berner\" height=\"300\" width=\"199\"><\/a><figcaption id=\"caption-attachment-9540\" class=\"wp-caption-text\">Ramon Berner<\/figcaption><\/figure>\n<figure id=\"attachment_9541\" aria-describedby=\"caption-attachment-9541\" style=\"width: 200px\" class=\"wp-caption alignleft\"><a href=\"https:\/\/www.tuseichholzremmighausen.de\/wordpress\/2017_jhv_04\"><img data-recalc-dims=\"1\" loading=\"lazy\" decoding=\"async\" data-attachment-id=\"9541\" data-permalink=\"https:\/\/www.tuseichholzremmighausen.de\/wordpress\/archives\/9533\/2017_jhv_04\" data-orig-file=\"https:\/\/i0.wp.com\/www.tuseichholzremmighausen.de\/wordpress\/wp-content\/uploads\/2017\/02\/2017_jhv_04.jpg?fit=200%2C300&amp;ssl=1\" data-orig-size=\"200,300\" data-comments-opened=\"0\" data-image-meta=\"{&quot;aperture&quot;:&quot;4.5&quot;,&quot;credit&quot;:&quot;&quot;,&quot;camera&quot;:&quot;NIKON D90&quot;,&quot;caption&quot;:&quot;&quot;,&quot;created_timestamp&quot;:&quot;1485549665&quot;,&quot;copyright&quot;:&quot;&quot;,&quot;focal_length&quot;:&quot;35&quot;,&quot;iso&quot;:&quot;1250&quot;,&quot;shutter_speed&quot;:&quot;0.04&quot;,&quot;title&quot;:&quot;&quot;,&quot;orientation&quot;:&quot;1&quot;}\" data-image-title=\"2017_jhv_04\" data-image-description=\"\" data-image-caption=\"&lt;p&gt;Carsten Schaefer&lt;\/p&gt;\n\" data-large-file=\"https:\/\/i0.wp.com\/www.tuseichholzremmighausen.de\/wordpress\/wp-content\/uploads\/2017\/02\/2017_jhv_04.jpg?fit=200%2C300&amp;ssl=1\" class=\"size-full wp-image-9541\" src=\"https:\/\/i0.wp.com\/www.tuseichholzremmighausen.de\/wordpress\/wp-content\/uploads\/2017\/02\/2017_jhv_04.jpg?resize=200%2C300&#038;ssl=1\" alt=\"Carsten Schaefer\" height=\"300\" width=\"200\"><\/a><figcaption id=\"caption-attachment-9541\" class=\"wp-caption-text\">Carsten Schaefer<\/figcaption><\/figure>\n<p>&nbsp;<br \/>\n&nbsp;<br \/>\n&nbsp;<br \/>\n&nbsp;<br \/>\n&nbsp;<br \/>\n&nbsp;<br \/>\n&nbsp;<br \/>\n&nbsp;<br \/>\n&nbsp;<br \/>\n&nbsp;<br \/>\n&nbsp;<br \/>\n&nbsp;<br \/>\n&nbsp;<br \/>\n&nbsp;<br \/>\nDetlef Wilberg, der 1. Vorsitzende sprach in seinen Ausf\u00fchrungen u.a. den Punkt \u201eZuzug von Migranten\/Fl\u00fcchtlingen\u201c an, hier hat der TuS in vorderster Reihe mit geholfen Probleme zu beseitigen oder gar nicht erst entstehen zu lassen. So sind jetzt bereits \u00fcber ein Dutzend jugendliche Fl\u00fcchtlinge in der Vereinsjugend integriert. Weitere Punkte seiner Ausf\u00fchrungen waren: Anschaffung eines neuen Vereinsbullis, konstante Mitgliederzahl (1071 Mitglieder) im Verein, passive Mitglieder und der Dank an die geleistete Arbeit in den Abteilungen und im Vorstand. Ein besonderes Anliegen war es ihm auch die neuen gr\u00fcn\/wei\u00dfen Trikots vor zu stellen, in denen zuk\u00fcnftig alle Fu\u00dfballer des TuS auflaufen werden.<\/p>\n<p>Dem Kassenbericht von Ulrike Schaefer folgte unter dem Punkt Verschiedenes eine lebhafte Diskussion der zuk\u00fcnftigen Stellung der passiven Mitglieder im Verein. Vermisst habe ich neben der nicht erschienenen lokalen Presse in der JHV allerdings die Fortf\u00fchrung der jetzt einige Jahre durchgef\u00fchrten Auszeichnung des \u201eSportler des Jahres\u201c und der \u201eSportgruppe des Jahres\u201c.<\/p>\n","protected":false},"excerpt":{"rendered":"<p>Die diesj\u00e4hrige JHV 2017 im Remikenhus war mit 67 Vereinsmitgliedern recht gut besucht. Der Umstand relativiert sich allerdings ein wenig,<\/p>\n","protected":false},"author":2,"featured_media":9534,"comment_status":"closed","ping_status":"open","sticky":false,"template":"","format":"standard","meta":{"colormag_page_container_layout":"default_layout","colormag_page_sidebar_layout":"default_layout","_jetpack_memberships_contains_paid_content":false,"footnotes":"","jetpack_publicize_message":"","jetpack_publicize_feature_enabled":true,"jetpack_social_post_already_shared":true,"jetpack_social_options":{"image_generator_settings":{"template":"highway","default_image_id":0,"font":"","enabled":false},"version":2}},"categories":[157],"tags":[],"class_list":["post-9533","post","type-post","status-publish","format-standard","has-post-thumbnail","hentry","category-archiv"],"jetpack_publicize_connections":[],"jetpack_featured_media_url":"https:\/\/i0.wp.com\/www.tuseichholzremmighausen.de\/wordpress\/wp-content\/uploads\/2017\/02\/2017_jhv_titel.jpg?fit=800%2C444&ssl=1","jetpack_sharing_enabled":false,"_links":{"self":[{"href":"https:\/\/www.tuseichholzremmighausen.de\/wordpress\/wp-json\/wp\/v2\/posts\/9533","targetHints":{"allow":["GET"]}}],"collection":[{"href":"https:\/\/www.tuseichholzremmighausen.de\/wordpress\/wp-json\/wp\/v2\/posts"}],"about":[{"href":"https:\/\/www.tuseichholzremmighausen.de\/wordpress\/wp-json\/wp\/v2\/types\/post"}],"author":[{"embeddable":true,"href":"https:\/\/www.tuseichholzremmighausen.de\/wordpress\/wp-json\/wp\/v2\/users\/2"}],"replies":[{"embeddable":true,"href":"https:\/\/www.tuseichholzremmighausen.de\/wordpress\/wp-json\/wp\/v2\/comments?post=9533"}],"version-history":[{"count":0,"href":"https:\/\/www.tuseichholzremmighausen.de\/wordpress\/wp-json\/wp\/v2\/posts\/9533\/revisions"}],"wp:featuredmedia":[{"embeddable":true,"href":"https:\/\/www.tuseichholzremmighausen.de\/wordpress\/wp-json\/wp\/v2\/media\/9534"}],"wp:attachment":[{"href":"https:\/\/www.tuseichholzremmighausen.de\/wordpress\/wp-json\/wp\/v2\/media?parent=9533"}],"wp:term":[{"taxonomy":"category","embeddable":true,"href":"https:\/\/www.tuseichholzremmighausen.de\/wordpress\/wp-json\/wp\/v2\/categories?post=9533"},{"taxonomy":"post_tag","embeddable":true,"href":"https:\/\/www.tuseichholzremmighausen.de\/wordpress\/wp-json\/wp\/v2\/tags?post=9533"}],"curies":[{"name":"wp","href":"https:\/\/api.w.org\/{rel}","templated":true}]}}