{"id":971,"date":"2010-10-02T20:00:19","date_gmt":"2010-10-02T18:00:19","guid":{"rendered":"http:\/\/localhost\/wordpress\/?p=971"},"modified":"2023-06-07T09:50:20","modified_gmt":"2023-06-07T07:50:20","slug":"2-10-2010-turnier-in-blomberg","status":"publish","type":"post","link":"https:\/\/www.tuseichholzremmighausen.de\/wordpress\/archives\/971","title":{"rendered":"2.10.2010: Turnier in Blomberg"},"content":{"rendered":"<p>Nach dem ungl\u00fccklichen Gegentor (siehe Bild) nach einer Ecke im ersten Spiel waren die Kleinsten des TuS schon etwas traurig. Das 0:1 gegen FC Fortuna Schlangen steckte das Team schnell weg. Trainer Denis Gro\u00df und Tim Kaiser bauten die Jungs wieder auf. Hoch motiviert und einsatzfreudig rannten die Kleinen was die Beine hergaben. Durch 2 Tore von Leon wurde der SV Cappel mit 2:0 besiegt. Als es zum dritten Mal auf den Platz ging, war die Auftaktniederlage l\u00e4ngst vergessen. Gastgeber Blomberger SV hatte dem Siegeswillen des TuS nicht viel entgegen zu setzen. Paul und Samih er\u00f6ffneten den Torreigen. Die weiteren Torsch\u00fctzen: Leonard mit 2 Treffern und Leon, sowie Paul mit seinem Zweiten zum verdienten 6:1 Endstand. Nat\u00fcrlich war der Jubel riesen gro\u00df. In der letzten Partie gegen SVE Jerxen-Orbke gaben die Jungs nach einmal alles. Leider reichte es hier nicht ganz. Beim 2:3 erzielten Leonard und Paul die Treffer f\u00fcr den TuS.<\/p>\n<figure id=\"attachment_965\" aria-describedby=\"caption-attachment-965\" style=\"width: 380px\" class=\"wp-caption alignleft\"><a href=\"https:\/\/i0.wp.com\/www.tuseichholzremmighausen.de\/wordpress\/wp-content\/uploads\/2011\/02\/minikicker_101002.jpg?ssl=1\"><img data-recalc-dims=\"1\" loading=\"lazy\" decoding=\"async\" class=\"size-full wp-image-965 \" title=\"minikicker_101002\" src=\"https:\/\/i0.wp.com\/www.tuseichholzremmighausen.de\/wordpress\/wp-content\/uploads\/2011\/02\/minikicker_101002.jpg?resize=380%2C253&#038;ssl=1\" alt=\"Minikickerturnier\" width=\"380\" height=\"253\" \/><\/a><figcaption id=\"caption-attachment-965\" class=\"wp-caption-text\">Tor f\u00fcr den TuS<\/figcaption><\/figure>\n<p>Eltern, Betreuer und alle TuS-Fans durften sich am Ende \u00fcber einen hervorragenden 2. Platz, hinter der ungeschlagenen Mannschaft vom FC Fortuna Schlangen, in diesem Turnier freuen. Insgesamt konnte der TuS 10 Treffer erzielen und musste nur 4 Gegentore hinnehmen. Mit Leon, Paul und Leonard gab es in den TuS-Reihen 3 Dreifachtorsch\u00fctzen. Ein Tor steuerte Samih bei. Am 30. Oktober richtet der TuS auf dem heimischen Kunstrasenplatz in Remmighausen das n\u00e4chste Turnier f\u00fcr die Minikicker aus. Hier ein Appell an alle TuS-ler: Gerade die Kleinen w\u00fcrden sich \u00fcber eine gro\u00dfe Unterst\u00fctzung freuen!<\/p>\n","protected":false},"excerpt":{"rendered":"<p>Nach dem ungl\u00fccklichen Gegentor (siehe Bild) nach einer Ecke im ersten Spiel waren die Kleinsten des TuS schon etwas traurig.<\/p>\n","protected":false},"author":16,"featured_media":0,"comment_status":"closed","ping_status":"closed","sticky":false,"template":"","format":"standard","meta":{"colormag_page_container_layout":"default_layout","colormag_page_sidebar_layout":"default_layout","_jetpack_memberships_contains_paid_content":false,"footnotes":"","jetpack_publicize_message":"","jetpack_publicize_feature_enabled":true,"jetpack_social_post_already_shared":false,"jetpack_social_options":{"image_generator_settings":{"template":"highway","default_image_id":0,"font":"","enabled":false},"version":2}},"categories":[157,158,201],"tags":[],"class_list":["post-971","post","type-post","status-publish","format-standard","hentry","category-archiv","category-fb-jugend-aktuell","category-minikicker"],"jetpack_publicize_connections":[],"jetpack_featured_media_url":"","jetpack_sharing_enabled":true,"_links":{"self":[{"href":"https:\/\/www.tuseichholzremmighausen.de\/wordpress\/wp-json\/wp\/v2\/posts\/971","targetHints":{"allow":["GET"]}}],"collection":[{"href":"https:\/\/www.tuseichholzremmighausen.de\/wordpress\/wp-json\/wp\/v2\/posts"}],"about":[{"href":"https:\/\/www.tuseichholzremmighausen.de\/wordpress\/wp-json\/wp\/v2\/types\/post"}],"author":[{"embeddable":true,"href":"https:\/\/www.tuseichholzremmighausen.de\/wordpress\/wp-json\/wp\/v2\/users\/16"}],"replies":[{"embeddable":true,"href":"https:\/\/www.tuseichholzremmighausen.de\/wordpress\/wp-json\/wp\/v2\/comments?post=971"}],"version-history":[{"count":0,"href":"https:\/\/www.tuseichholzremmighausen.de\/wordpress\/wp-json\/wp\/v2\/posts\/971\/revisions"}],"wp:attachment":[{"href":"https:\/\/www.tuseichholzremmighausen.de\/wordpress\/wp-json\/wp\/v2\/media?parent=971"}],"wp:term":[{"taxonomy":"category","embeddable":true,"href":"https:\/\/www.tuseichholzremmighausen.de\/wordpress\/wp-json\/wp\/v2\/categories?post=971"},{"taxonomy":"post_tag","embeddable":true,"href":"https:\/\/www.tuseichholzremmighausen.de\/wordpress\/wp-json\/wp\/v2\/tags?post=971"}],"curies":[{"name":"wp","href":"https:\/\/api.w.org\/{rel}","templated":true}]}}