{"id":9757,"date":"2017-06-06T18:44:55","date_gmt":"2017-06-06T16:44:55","guid":{"rendered":"http:\/\/www.tuseichholzremmighausen.de\/wordpress\/?p=9757"},"modified":"2020-09-11T20:36:13","modified_gmt":"2020-09-11T18:36:13","slug":"zweite-erreicht-einstelligen-tabellenplatz","status":"publish","type":"post","link":"https:\/\/www.tuseichholzremmighausen.de\/wordpress\/archives\/9757","title":{"rendered":"Zweite erreicht einstelligen Tabellenplatz"},"content":{"rendered":"<figure id=\"attachment_9759\" aria-describedby=\"caption-attachment-9759\" style=\"width: 1200px\" class=\"wp-caption alignnone\"><img data-recalc-dims=\"1\" loading=\"lazy\" decoding=\"async\" data-attachment-id=\"9759\" data-permalink=\"https:\/\/www.tuseichholzremmighausen.de\/wordpress\/archives\/9757\/fb_zweite_170605_02\" data-orig-file=\"https:\/\/i0.wp.com\/www.tuseichholzremmighausen.de\/wordpress\/wp-content\/uploads\/2017\/06\/fb_zweite_170605_02.jpg?fit=1200%2C800&amp;ssl=1\" data-orig-size=\"1200,800\" data-comments-opened=\"0\" data-image-meta=\"{&quot;aperture&quot;:&quot;3.2&quot;,&quot;credit&quot;:&quot;Rolf Gehrke&quot;,&quot;camera&quot;:&quot;Canon EOS 70D&quot;,&quot;caption&quot;:&quot;&quot;,&quot;created_timestamp&quot;:&quot;1496691251&quot;,&quot;copyright&quot;:&quot;Rolf Gehrke 2016&quot;,&quot;focal_length&quot;:&quot;85&quot;,&quot;iso&quot;:&quot;200&quot;,&quot;shutter_speed&quot;:&quot;0.0005&quot;,&quot;title&quot;:&quot;&quot;,&quot;orientation&quot;:&quot;1&quot;}\" data-image-title=\"fb_zweite_170605_02\" data-image-description=\"\" data-image-caption=\"&lt;p&gt;Duelle in der Luft &amp;#8211; eine Spezialit\u00e4t der Gr\u00fcn-Wei\u00dfen&lt;\/p&gt;\n\" data-large-file=\"https:\/\/i0.wp.com\/www.tuseichholzremmighausen.de\/wordpress\/wp-content\/uploads\/2017\/06\/fb_zweite_170605_02.jpg?fit=800%2C534&amp;ssl=1\" width=\"800\" height=\"533\" class=\"size-full wp-image-9759\" alt=\"Duelle in der Luft - eine Spezialit\u00e4t der Gr\u00fcn-Wei\u00dfen\" src=\"https:\/\/i0.wp.com\/www.tuseichholzremmighausen.de\/wordpress\/wp-content\/uploads\/2017\/06\/fb_zweite_170605_02.jpg?resize=800%2C533&#038;ssl=1\" srcset=\"https:\/\/i0.wp.com\/www.tuseichholzremmighausen.de\/wordpress\/wp-content\/uploads\/2017\/06\/fb_zweite_170605_02.jpg?w=1200&amp;ssl=1 1200w, https:\/\/i0.wp.com\/www.tuseichholzremmighausen.de\/wordpress\/wp-content\/uploads\/2017\/06\/fb_zweite_170605_02.jpg?resize=600%2C400&amp;ssl=1 600w, https:\/\/i0.wp.com\/www.tuseichholzremmighausen.de\/wordpress\/wp-content\/uploads\/2017\/06\/fb_zweite_170605_02.jpg?resize=300%2C200&amp;ssl=1 300w, https:\/\/i0.wp.com\/www.tuseichholzremmighausen.de\/wordpress\/wp-content\/uploads\/2017\/06\/fb_zweite_170605_02.jpg?resize=768%2C512&amp;ssl=1 768w, https:\/\/i0.wp.com\/www.tuseichholzremmighausen.de\/wordpress\/wp-content\/uploads\/2017\/06\/fb_zweite_170605_02.jpg?resize=1024%2C683&amp;ssl=1 1024w\" sizes=\"auto, (max-width: 800px) 100vw, 800px\" \/><figcaption id=\"caption-attachment-9759\" class=\"wp-caption-text\">Duelle in der Luft &#8211; eine Spezialit\u00e4t der Gr\u00fcn-Wei\u00dfen<\/figcaption><\/figure>\n<p>Die Partie der Zweiten Mannschaft am Pfingstmontag Abend war zugleich auch der Abschluss der Saison f\u00fcr die Seniorenabteilung. Leider fanden nur wenige Eichholzer Fans ins Stadion, sodass der Fanblock auf der Gegenseite zahlenm\u00e4\u00dfig sogar&nbsp;\u00fcberlegen war. Dennoch unterst\u00fctzten die wenigen&nbsp;Eichholzer Fans nach Kr\u00e4ften, und feuerten ihr Team m\u00e4chtig an.<\/p>\n<figure id=\"attachment_9758\" aria-describedby=\"caption-attachment-9758\" style=\"width: 1200px\" class=\"wp-caption alignnone\"><img data-recalc-dims=\"1\" loading=\"lazy\" decoding=\"async\" data-attachment-id=\"9758\" data-permalink=\"https:\/\/www.tuseichholzremmighausen.de\/wordpress\/archives\/9757\/fb_zweite_170605_01\" data-orig-file=\"https:\/\/i0.wp.com\/www.tuseichholzremmighausen.de\/wordpress\/wp-content\/uploads\/2017\/06\/fb_zweite_170605_01.jpg?fit=1200%2C800&amp;ssl=1\" data-orig-size=\"1200,800\" data-comments-opened=\"0\" data-image-meta=\"{&quot;aperture&quot;:&quot;2&quot;,&quot;credit&quot;:&quot;Rolf Gehrke&quot;,&quot;camera&quot;:&quot;Canon EOS 70D&quot;,&quot;caption&quot;:&quot;&quot;,&quot;created_timestamp&quot;:&quot;1496692690&quot;,&quot;copyright&quot;:&quot;Rolf Gehrke 2016&quot;,&quot;focal_length&quot;:&quot;85&quot;,&quot;iso&quot;:&quot;320&quot;,&quot;shutter_speed&quot;:&quot;0.0005&quot;,&quot;title&quot;:&quot;&quot;,&quot;orientation&quot;:&quot;1&quot;}\" data-image-title=\"fb_zweite_170605_01\" data-image-description=\"\" data-image-caption=\"&lt;p&gt;Zu jeder Spielsituation &amp;#8211; immer einen guten Spruch parat&lt;\/p&gt;\n\" data-large-file=\"https:\/\/i0.wp.com\/www.tuseichholzremmighausen.de\/wordpress\/wp-content\/uploads\/2017\/06\/fb_zweite_170605_01.jpg?fit=800%2C534&amp;ssl=1\" width=\"800\" height=\"533\" class=\"size-full wp-image-9758\" alt=\"Zu jeder Spielsituation - immer einen guten Spruch parat\" src=\"https:\/\/i0.wp.com\/www.tuseichholzremmighausen.de\/wordpress\/wp-content\/uploads\/2017\/06\/fb_zweite_170605_01.jpg?resize=800%2C533&#038;ssl=1\" srcset=\"https:\/\/i0.wp.com\/www.tuseichholzremmighausen.de\/wordpress\/wp-content\/uploads\/2017\/06\/fb_zweite_170605_01.jpg?w=1200&amp;ssl=1 1200w, https:\/\/i0.wp.com\/www.tuseichholzremmighausen.de\/wordpress\/wp-content\/uploads\/2017\/06\/fb_zweite_170605_01.jpg?resize=600%2C400&amp;ssl=1 600w, https:\/\/i0.wp.com\/www.tuseichholzremmighausen.de\/wordpress\/wp-content\/uploads\/2017\/06\/fb_zweite_170605_01.jpg?resize=300%2C200&amp;ssl=1 300w, https:\/\/i0.wp.com\/www.tuseichholzremmighausen.de\/wordpress\/wp-content\/uploads\/2017\/06\/fb_zweite_170605_01.jpg?resize=768%2C512&amp;ssl=1 768w, https:\/\/i0.wp.com\/www.tuseichholzremmighausen.de\/wordpress\/wp-content\/uploads\/2017\/06\/fb_zweite_170605_01.jpg?resize=1024%2C683&amp;ssl=1 1024w\" sizes=\"auto, (max-width: 800px) 100vw, 800px\" \/><figcaption id=\"caption-attachment-9758\" class=\"wp-caption-text\">Zu jeder Spielsituation &#8211; immer einen guten Spruch parat<\/figcaption><\/figure>\n<p>&nbsp;Gast&nbsp;TuRa Heiden 2, der Tabellenvierte der Kreisliga C war sicher favorisiert in die Begegnung gegangen. Dennoch nahm sich Eichholz II fest vor, die Saison m\u00f6glichst mit einstelligen Tabellenplatz zu beenden. Da am Nachmittag der FSV Pivitsheide II in Hakedahl unterlegen war, bestand auch noch die reelle Chance, das Minimalziel zu erreichen.&nbsp;Die Treffer f\u00fcr den daf\u00fcr n\u00f6tigen Sieg steuerten Dennis Esau (2x), Jens Hofele und John Mathews bereits in der ersten Halbzeit bei.<\/p>\n<figure id=\"attachment_9760\" aria-describedby=\"caption-attachment-9760\" style=\"width: 1200px\" class=\"wp-caption alignnone\"><img data-recalc-dims=\"1\" loading=\"lazy\" decoding=\"async\" data-attachment-id=\"9760\" data-permalink=\"https:\/\/www.tuseichholzremmighausen.de\/wordpress\/archives\/9757\/fb_zweite_170605_03\" data-orig-file=\"https:\/\/i0.wp.com\/www.tuseichholzremmighausen.de\/wordpress\/wp-content\/uploads\/2017\/06\/fb_zweite_170605_03.jpg?fit=1200%2C800&amp;ssl=1\" data-orig-size=\"1200,800\" data-comments-opened=\"0\" data-image-meta=\"{&quot;aperture&quot;:&quot;2&quot;,&quot;credit&quot;:&quot;Rolf Gehrke&quot;,&quot;camera&quot;:&quot;Canon EOS 70D&quot;,&quot;caption&quot;:&quot;&quot;,&quot;created_timestamp&quot;:&quot;1496695201&quot;,&quot;copyright&quot;:&quot;Rolf Gehrke 2016&quot;,&quot;focal_length&quot;:&quot;85&quot;,&quot;iso&quot;:&quot;500&quot;,&quot;shutter_speed&quot;:&quot;0.000625&quot;,&quot;title&quot;:&quot;&quot;,&quot;orientation&quot;:&quot;1&quot;}\" data-image-title=\"fb_zweite_170605_03\" data-image-description=\"\" data-image-caption=\"&lt;p&gt;John &amp;#8211; einen Treffer selbst gemacht, hatte weitere dicke Gelegenheiten&lt;\/p&gt;\n\" data-large-file=\"https:\/\/i0.wp.com\/www.tuseichholzremmighausen.de\/wordpress\/wp-content\/uploads\/2017\/06\/fb_zweite_170605_03.jpg?fit=800%2C534&amp;ssl=1\" width=\"800\" height=\"533\" class=\"size-full wp-image-9760\" alt=\"John - einen Treffer selbst gemacht, hatte weitere dicke Gelegenheiten\" src=\"https:\/\/i0.wp.com\/www.tuseichholzremmighausen.de\/wordpress\/wp-content\/uploads\/2017\/06\/fb_zweite_170605_03.jpg?resize=800%2C533&#038;ssl=1\" srcset=\"https:\/\/i0.wp.com\/www.tuseichholzremmighausen.de\/wordpress\/wp-content\/uploads\/2017\/06\/fb_zweite_170605_03.jpg?w=1200&amp;ssl=1 1200w, https:\/\/i0.wp.com\/www.tuseichholzremmighausen.de\/wordpress\/wp-content\/uploads\/2017\/06\/fb_zweite_170605_03.jpg?resize=600%2C400&amp;ssl=1 600w, https:\/\/i0.wp.com\/www.tuseichholzremmighausen.de\/wordpress\/wp-content\/uploads\/2017\/06\/fb_zweite_170605_03.jpg?resize=300%2C200&amp;ssl=1 300w, https:\/\/i0.wp.com\/www.tuseichholzremmighausen.de\/wordpress\/wp-content\/uploads\/2017\/06\/fb_zweite_170605_03.jpg?resize=768%2C512&amp;ssl=1 768w, https:\/\/i0.wp.com\/www.tuseichholzremmighausen.de\/wordpress\/wp-content\/uploads\/2017\/06\/fb_zweite_170605_03.jpg?resize=1024%2C683&amp;ssl=1 1024w\" sizes=\"auto, (max-width: 800px) 100vw, 800px\" \/><figcaption id=\"caption-attachment-9760\" class=\"wp-caption-text\">John &#8211; einen Treffer selbst gemacht, hatte weitere dicke Gelegenheiten<\/figcaption><\/figure>\n<p>Heiden,&nbsp;sichtlich von der&nbsp;Offensivkraft der Gr\u00fcn-Wei\u00dfen&nbsp;\u00fcberrascht, kam nur noch zum Anschlusstreffer vor der Pause.&nbsp;An diesem Tage mussten die Gegner die tadellose Leistung des TuS in der ersten Halbzeit&nbsp;anerkennen.&nbsp;Nach dem Seitenwechsel&nbsp;bestimmte der Gast zwar mehr und mehr die Partie, doch die Eichholzer Defensive lie\u00df &#8211; au\u00dfer dem Treffer zum 4:2&nbsp;nicht viel zu. Am Ende siegt der TuS mit 4:2!&nbsp;Geht damit&nbsp;an FSV&nbsp;Pivitsheide II vorbei&nbsp;und schlie\u00dft die Saison auf Rang 9 ab. Eine Foto-Serie zum Spiel gibt&#8217;s hier: <a href=\"https:\/\/www.facebook.com\/pg\/tuseichholzremmighausen\/photos\/?tab=album&amp;album_id=1460992513923110\" target=\"_blank\" rel=\"noopener noreferrer\">KLICK \ud83d\ude42<\/a><\/p>\n","protected":false},"excerpt":{"rendered":"<p>Saisonziel erreicht! Zweite nach Sieg \u00fcber Heiden 2 in der Abschlusstabelle 9ter.<\/p>\n","protected":false},"author":16,"featured_media":9761,"comment_status":"closed","ping_status":"open","sticky":false,"template":"","format":"standard","meta":{"colormag_page_container_layout":"default_layout","colormag_page_sidebar_layout":"default_layout","_jetpack_memberships_contains_paid_content":false,"footnotes":"","jetpack_publicize_message":"","jetpack_publicize_feature_enabled":true,"jetpack_social_post_already_shared":true,"jetpack_social_options":{"image_generator_settings":{"template":"highway","default_image_id":0,"font":"","enabled":false},"version":2}},"categories":[157],"tags":[],"class_list":["post-9757","post","type-post","status-publish","format-standard","has-post-thumbnail","hentry","category-archiv"],"jetpack_publicize_connections":[],"jetpack_featured_media_url":"https:\/\/i0.wp.com\/www.tuseichholzremmighausen.de\/wordpress\/wp-content\/uploads\/2017\/06\/fb_zweite_170605_04.jpg?fit=1200%2C800&ssl=1","jetpack_sharing_enabled":true,"_links":{"self":[{"href":"https:\/\/www.tuseichholzremmighausen.de\/wordpress\/wp-json\/wp\/v2\/posts\/9757","targetHints":{"allow":["GET"]}}],"collection":[{"href":"https:\/\/www.tuseichholzremmighausen.de\/wordpress\/wp-json\/wp\/v2\/posts"}],"about":[{"href":"https:\/\/www.tuseichholzremmighausen.de\/wordpress\/wp-json\/wp\/v2\/types\/post"}],"author":[{"embeddable":true,"href":"https:\/\/www.tuseichholzremmighausen.de\/wordpress\/wp-json\/wp\/v2\/users\/16"}],"replies":[{"embeddable":true,"href":"https:\/\/www.tuseichholzremmighausen.de\/wordpress\/wp-json\/wp\/v2\/comments?post=9757"}],"version-history":[{"count":0,"href":"https:\/\/www.tuseichholzremmighausen.de\/wordpress\/wp-json\/wp\/v2\/posts\/9757\/revisions"}],"wp:featuredmedia":[{"embeddable":true,"href":"https:\/\/www.tuseichholzremmighausen.de\/wordpress\/wp-json\/wp\/v2\/media\/9761"}],"wp:attachment":[{"href":"https:\/\/www.tuseichholzremmighausen.de\/wordpress\/wp-json\/wp\/v2\/media?parent=9757"}],"wp:term":[{"taxonomy":"category","embeddable":true,"href":"https:\/\/www.tuseichholzremmighausen.de\/wordpress\/wp-json\/wp\/v2\/categories?post=9757"},{"taxonomy":"post_tag","embeddable":true,"href":"https:\/\/www.tuseichholzremmighausen.de\/wordpress\/wp-json\/wp\/v2\/tags?post=9757"}],"curies":[{"name":"wp","href":"https:\/\/api.w.org\/{rel}","templated":true}]}}