{"id":9781,"date":"2017-06-14T23:17:33","date_gmt":"2017-06-14T21:17:33","guid":{"rendered":"http:\/\/www.tuseichholzremmighausen.de\/wordpress\/?p=9781"},"modified":"2020-09-11T20:36:13","modified_gmt":"2020-09-11T18:36:13","slug":"gerrit-groene","status":"publish","type":"post","link":"https:\/\/www.tuseichholzremmighausen.de\/wordpress\/archives\/9781","title":{"rendered":"Gerrit Gr\u00f6ne"},"content":{"rendered":"<p><figure id=\"attachment_9783\" aria-describedby=\"caption-attachment-9783\" style=\"width: 299px\" class=\"wp-caption alignleft\"><a href=\"https:\/\/www.tuseichholzremmighausen.de\/wordpress\/archives\/9781\/gerrit_groene\" rel=\"attachment wp-att-9783\"><img data-recalc-dims=\"1\" loading=\"lazy\" decoding=\"async\" data-attachment-id=\"9783\" data-permalink=\"https:\/\/www.tuseichholzremmighausen.de\/wordpress\/archives\/9781\/gerrit_groene\" data-orig-file=\"https:\/\/i0.wp.com\/www.tuseichholzremmighausen.de\/wordpress\/wp-content\/uploads\/2017\/06\/gerrit_gr%C3%B6ne.jpg?fit=299%2C400&amp;ssl=1\" data-orig-size=\"299,400\" data-comments-opened=\"0\" data-image-meta=\"{&quot;aperture&quot;:&quot;4.5&quot;,&quot;credit&quot;:&quot;&quot;,&quot;camera&quot;:&quot;NIKON D90&quot;,&quot;caption&quot;:&quot;&quot;,&quot;created_timestamp&quot;:&quot;1497028641&quot;,&quot;copyright&quot;:&quot;&quot;,&quot;focal_length&quot;:&quot;92&quot;,&quot;iso&quot;:&quot;400&quot;,&quot;shutter_speed&quot;:&quot;0.004&quot;,&quot;title&quot;:&quot;&quot;,&quot;orientation&quot;:&quot;1&quot;}\" data-image-title=\"gerrit_gr\u00f6ne\" data-image-description=\"\" data-image-caption=\"&lt;p&gt;Gerrit Gr\u00f6ne&lt;\/p&gt;\n\" data-large-file=\"https:\/\/i0.wp.com\/www.tuseichholzremmighausen.de\/wordpress\/wp-content\/uploads\/2017\/06\/gerrit_gr%C3%B6ne.jpg?fit=299%2C400&amp;ssl=1\" src=\"https:\/\/i0.wp.com\/www.tuseichholzremmighausen.de\/wordpress\/wp-content\/uploads\/2017\/06\/gerrit_gr%C3%B6ne.jpg?resize=299%2C400&#038;ssl=1\" alt=\"Gerrit Gr\u00f6ne\" width=\"299\" height=\"400\" class=\"size-full wp-image-9783\" srcset=\"https:\/\/i0.wp.com\/www.tuseichholzremmighausen.de\/wordpress\/wp-content\/uploads\/2017\/06\/gerrit_gr%C3%B6ne.jpg?w=299&amp;ssl=1 299w, https:\/\/i0.wp.com\/www.tuseichholzremmighausen.de\/wordpress\/wp-content\/uploads\/2017\/06\/gerrit_gr%C3%B6ne.jpg?resize=224%2C300&amp;ssl=1 224w\" sizes=\"auto, (max-width: 299px) 100vw, 299px\" \/><\/a><figcaption id=\"caption-attachment-9783\" class=\"wp-caption-text\">Gerrit Gr\u00f6ne<\/figcaption><\/figure>Gerrit Gr\u00f6ne spielt in der n\u00e4chsten Saison wieder f\u00fcr den TuS Eichholz-Remmighausen &#8211; Altersklasse C-Junioren, der \u00e4ltere Jahrgang. <\/p>\n<p>Das letzte halbe Jahr hat er in der Bezirksliga beim BV Bad Lippspringe gespielt, davor einige Jahre beim TuS. Er ist als Spieler vielseitig einsetzbar, da er gut ausgebildet wurde und nat\u00fcrlich Talent mit bringt. Er sieht seine Position auf dem Spielfeld in der Abwehr. <\/p>\n<p>Sportlich ist er auch f\u00fcr die LG Lippe-S\u00fcd in der Leichtathletik aktiv. Seine Schwerpunkte sind da der Sprint und der Mehrkampf. Wir w\u00fcnschen Gerrit einen guten Start in die neue Saison &#8230; mit dem TuS Eichholz-Remmighausen.  <\/p>\n","protected":false},"excerpt":{"rendered":"<p>Gerrit Gr\u00f6ne spielt in der n\u00e4chsten Saison wieder f\u00fcr den TuS Eichholz-Remmighausen &#8211; Altersklasse C-Junioren, der \u00e4ltere Jahrgang. Das letzte<\/p>\n","protected":false},"author":2,"featured_media":9782,"comment_status":"closed","ping_status":"open","sticky":false,"template":"","format":"standard","meta":{"colormag_page_container_layout":"default_layout","colormag_page_sidebar_layout":"default_layout","_jetpack_memberships_contains_paid_content":false,"footnotes":"","jetpack_publicize_message":"","jetpack_publicize_feature_enabled":true,"jetpack_social_post_already_shared":true,"jetpack_social_options":{"image_generator_settings":{"template":"highway","default_image_id":0,"font":"","enabled":false},"version":2}},"categories":[157,158],"tags":[],"class_list":["post-9781","post","type-post","status-publish","format-standard","has-post-thumbnail","hentry","category-archiv","category-fb-jugend-aktuell"],"jetpack_publicize_connections":[],"jetpack_featured_media_url":"https:\/\/i0.wp.com\/www.tuseichholzremmighausen.de\/wordpress\/wp-content\/uploads\/2017\/06\/tus_beitragsbild_09.jpg?fit=800%2C444&ssl=1","jetpack_sharing_enabled":false,"_links":{"self":[{"href":"https:\/\/www.tuseichholzremmighausen.de\/wordpress\/wp-json\/wp\/v2\/posts\/9781","targetHints":{"allow":["GET"]}}],"collection":[{"href":"https:\/\/www.tuseichholzremmighausen.de\/wordpress\/wp-json\/wp\/v2\/posts"}],"about":[{"href":"https:\/\/www.tuseichholzremmighausen.de\/wordpress\/wp-json\/wp\/v2\/types\/post"}],"author":[{"embeddable":true,"href":"https:\/\/www.tuseichholzremmighausen.de\/wordpress\/wp-json\/wp\/v2\/users\/2"}],"replies":[{"embeddable":true,"href":"https:\/\/www.tuseichholzremmighausen.de\/wordpress\/wp-json\/wp\/v2\/comments?post=9781"}],"version-history":[{"count":0,"href":"https:\/\/www.tuseichholzremmighausen.de\/wordpress\/wp-json\/wp\/v2\/posts\/9781\/revisions"}],"wp:featuredmedia":[{"embeddable":true,"href":"https:\/\/www.tuseichholzremmighausen.de\/wordpress\/wp-json\/wp\/v2\/media\/9782"}],"wp:attachment":[{"href":"https:\/\/www.tuseichholzremmighausen.de\/wordpress\/wp-json\/wp\/v2\/media?parent=9781"}],"wp:term":[{"taxonomy":"category","embeddable":true,"href":"https:\/\/www.tuseichholzremmighausen.de\/wordpress\/wp-json\/wp\/v2\/categories?post=9781"},{"taxonomy":"post_tag","embeddable":true,"href":"https:\/\/www.tuseichholzremmighausen.de\/wordpress\/wp-json\/wp\/v2\/tags?post=9781"}],"curies":[{"name":"wp","href":"https:\/\/api.w.org\/{rel}","templated":true}]}}