{"id":998,"date":"2010-11-20T20:00:25","date_gmt":"2010-11-20T19:00:25","guid":{"rendered":"http:\/\/localhost\/wordpress\/?p=998"},"modified":"2023-06-07T09:53:39","modified_gmt":"2023-06-07T07:53:39","slug":"starker-tus-schickt-tabellenzweiten-mit-51-nach-hause","status":"publish","type":"post","link":"https:\/\/www.tuseichholzremmighausen.de\/wordpress\/archives\/998","title":{"rendered":"Starker TuS schickt Tabellenzweiten mit 5:1 nach Hause"},"content":{"rendered":"<p>Die Ansprache von Patrick Werner zum heutigen Meisterschaftsspiel gegen den Tabellenzweiten aus Brakelsiek hat gesessen. Hochmotiviert und taktisch gut eingestellt ging es in die Partie. Von Beginn an waren beide Teams auf Augenh\u00f6he. Dann doch der R\u00fcckstand f\u00fcr den TuS. Ein flach geschossener Freisto\u00df aus etwa 20 Metern schlug neben Chris im Tor ein. Die G\u00e4ste schienen Oberwasser zu bekommen. Trotzdem fand der TuS schnell wieder zur Ordnung. Zahlreiche Angriffe \u00fcber die Au\u00dfenpositionen rollten auf das Tor der favorisierten G\u00e4ste. Nach einem starken Anspiel konnte Sebastian 5 Minuten vor der Pause zum Ausgleich flach am Torwart vorbei einschieben. Nur zwei Minuten sp\u00e4ter erlief er einen R\u00fcckpass an der 16-Meterlinie und lie\u00df mit einem plazierten Schu\u00df dem G\u00e4stetorwart nicht den Hauch einer Chance. Mit der \u00fcberraschenden F\u00fchrung ging es in die Pause. <!--more--><\/p>\n<figure id=\"attachment_955\" aria-describedby=\"caption-attachment-955\" style=\"width: 380px\" class=\"wp-caption alignleft\"><a href=\"https:\/\/i0.wp.com\/www.tuseichholzremmighausen.de\/wordpress\/wp-content\/uploads\/2011\/02\/fb_c_junioren_101120.jpg?ssl=1\"><img data-recalc-dims=\"1\" loading=\"lazy\" decoding=\"async\" class=\"size-full wp-image-955\" title=\"fb_c_junioren_101120\" src=\"https:\/\/i0.wp.com\/www.tuseichholzremmighausen.de\/wordpress\/wp-content\/uploads\/2011\/02\/fb_c_junioren_101120.jpg?resize=380%2C253&#038;ssl=1\" alt=\"Meisterschaftsspiel\" width=\"380\" height=\"253\" \/><\/a><figcaption id=\"caption-attachment-955\" class=\"wp-caption-text\">Alle Augen auf den Ball<\/figcaption><\/figure>\n<p>Wie erwartet drehte nun der Gast auf. Fast 15 Minuten tief in die eigene H\u00e4lfte zur\u00fcckgedr\u00e4ngt, kam der TuS kaum bis zur Mittellinie. Dann doch endlich mal ein langer Ball auf die linke Angriffsseite. Die G\u00e4ste waren weit aufger\u00fcckt und hatten M\u00fche, die Abwehr zu positionieren. Den rechtzeitigen R\u00fcckpass verwertete Alan abgekl\u00e4rt zum 3:1.<br \/>\nErfreulicherweise konnte Dominik etwa 10 Minuten vor der Pause in zentraler Position freigespielt werden. Diese Chance lie\u00df er sich nat\u00fcrlich nicht entgehen. In der Pause schaffte Patrick Werner mit einigen Umstellungen und der Forderung nach deutlich mehr Einsatz die Trendwende in der zweiten Halbzeit. Die Kontrolle \u00fcber Ball und Gegner war deutlich sp\u00fcrbar. Immer wieder rollten fl\u00fcssige Angriffe auf das Tor der Horner zu. Auch das rechtzeitige Abspiel brachte mehr Dynamik ins Spiel. Dann kam die gro\u00dfe Zeit von Jan. Aus abseits verd\u00e4chtiger Position erzielt er das 2:1. Nahezu Narrenfreiheit geno\u00df er auf der linken Sturmseite. Sehr zur Freude des Trainers haben das auch die Mitspieler erkannt. Mit pr\u00e4zisen P\u00e4ssen in den Lauf wurde Jan gef\u00fcttert. Nur wenig sp\u00e4ter das 3:1. Beim 4:1 zeigte Jan seine ganze Raffinesse. Aus halblinker Position mit viel Gef\u00fchl drehte er die Kugel in den oberen rechten Torwinkel. Mit diesem Sonntagsschuss war der Hattrick erreicht.<\/p>\n<p>Sebastian, in der zweiten Halbzeit mit offensiveren Aufgaben betraut, wollte da nat\u00fcrlich nicht nachstehen. Mit seinem Treffer lie\u00df er dem Torwart ebenfalls nicht den Hauch einer Abwehrchance. Kurz vor Ende der Partie war es dann wieder Jan, der am schnellsten reagierte und einen vom Torwart abgeklatschten Ball zum 6:1-Endstand in die Maschen wuchtete. Aufgrund der guten zweiten Halbzeit ein hochverdienter Sieg.<\/p>\n","protected":false},"excerpt":{"rendered":"<p>Die Ansprache von Patrick Werner zum heutigen Meisterschaftsspiel gegen den Tabellenzweiten aus Brakelsiek hat gesessen. Hochmotiviert und taktisch gut eingestellt<\/p>\n","protected":false},"author":16,"featured_media":0,"comment_status":"closed","ping_status":"closed","sticky":false,"template":"","format":"standard","meta":{"colormag_page_container_layout":"default_layout","colormag_page_sidebar_layout":"default_layout","_jetpack_memberships_contains_paid_content":false,"footnotes":"","jetpack_publicize_message":"","jetpack_publicize_feature_enabled":true,"jetpack_social_post_already_shared":false,"jetpack_social_options":{"image_generator_settings":{"template":"highway","default_image_id":0,"font":"","enabled":false},"version":2}},"categories":[157,206,158],"tags":[],"class_list":["post-998","post","type-post","status-publish","format-standard","hentry","category-archiv","category-c-junioren","category-fb-jugend-aktuell"],"jetpack_publicize_connections":[],"jetpack_featured_media_url":"","jetpack_sharing_enabled":true,"_links":{"self":[{"href":"https:\/\/www.tuseichholzremmighausen.de\/wordpress\/wp-json\/wp\/v2\/posts\/998","targetHints":{"allow":["GET"]}}],"collection":[{"href":"https:\/\/www.tuseichholzremmighausen.de\/wordpress\/wp-json\/wp\/v2\/posts"}],"about":[{"href":"https:\/\/www.tuseichholzremmighausen.de\/wordpress\/wp-json\/wp\/v2\/types\/post"}],"author":[{"embeddable":true,"href":"https:\/\/www.tuseichholzremmighausen.de\/wordpress\/wp-json\/wp\/v2\/users\/16"}],"replies":[{"embeddable":true,"href":"https:\/\/www.tuseichholzremmighausen.de\/wordpress\/wp-json\/wp\/v2\/comments?post=998"}],"version-history":[{"count":0,"href":"https:\/\/www.tuseichholzremmighausen.de\/wordpress\/wp-json\/wp\/v2\/posts\/998\/revisions"}],"wp:attachment":[{"href":"https:\/\/www.tuseichholzremmighausen.de\/wordpress\/wp-json\/wp\/v2\/media?parent=998"}],"wp:term":[{"taxonomy":"category","embeddable":true,"href":"https:\/\/www.tuseichholzremmighausen.de\/wordpress\/wp-json\/wp\/v2\/categories?post=998"},{"taxonomy":"post_tag","embeddable":true,"href":"https:\/\/www.tuseichholzremmighausen.de\/wordpress\/wp-json\/wp\/v2\/tags?post=998"}],"curies":[{"name":"wp","href":"https:\/\/api.w.org\/{rel}","templated":true}]}}